{"id":13811,"date":"2025-01-23T17:59:00","date_gmt":"2025-01-23T22:59:00","guid":{"rendered":"https:\/\/sim.unemi.edu.ec\/?p=13811"},"modified":"2025-02-26T10:14:18","modified_gmt":"2025-02-26T15:14:18","slug":"operativo-apolo-iii-intervencion-en-pascuales-norte-de-guayaquil","status":"publish","type":"post","link":"https:\/\/sim.unemi.edu.ec\/index.php\/2025\/01\/23\/operativo-apolo-iii-intervencion-en-pascuales-norte-de-guayaquil\/","title":{"rendered":"Operativo Apolo III: intervenci\u00f3n en Pascuales norte de Guayaquil"},"content":{"rendered":"\n<p>Este jueves 23 de enero, m\u00e1s de mil agentes, entre polic\u00edas y militares, participaron en el operativo Apolo III en la parroquia de Pascuales, ubicada en el norte de Guayaquil. Esta intervenci\u00f3n forma parte de una serie de acciones en la Zona 8, donde la violencia y las actividades delictivas, como la extorsi\u00f3n, el tr\u00e1fico de drogas y el robo, han afectado gravemente a la comunidad. Durante el operativo, se lograron varias detenciones, entre ellas la de seis personas, y se incautaron motocicletas robadas, armas de fuego, municiones, machetes, cuchillos, relojes, dinero en efectivo, adem\u00e1s de desmantelar un sistema de video vigilancia utilizado por los delincuentes.<\/p>\n\n\n\n<p>Este operativo es el tercero consecutivo realizado en la zona. Los d\u00edas anteriores, las fuerzas del orden intervinieron en otras \u00e1reas de Guayaquil y Dur\u00e1n. El martes 21 de enero, el cerro Las Cabras, en Dur\u00e1n, fue el escenario de un allanamiento en el que participaron m\u00e1s de 600 viviendas, resultando en la detenci\u00f3n de 13 personas, incluido un menor de edad, a quienes se les dict\u00f3 prisi\u00f3n preventiva. Al d\u00eda siguiente, el mi\u00e9rcoles 22 de enero, el operativo se traslad\u00f3 a Socio Vivienda, donde se allanaron 300 viviendas y se detuvieron a 11 personas vinculadas con actividades il\u00edcitas.<\/p>\n\n\n\n<p>El objetivo principal del operativo Apolo III es debilitar las organizaciones criminales que operan en estas zonas y restaurar el orden p\u00fablico. Las autoridades han anunciado que continuar\u00e1n con estos operativos en las pr\u00f3ximas semanas, con el fin de garantizar la seguridad de los ciudadanos y reducir el \u00edndice de criminalidad en la ciudad.<\/p>\n\n\n\n<p>Reportaje de Dayana Flores \u2013 Estudiante de la Carrera de Comunicaci\u00f3n Social &#8211; UNEMI y practicante del Sistema Integrado de Medios SIM.<\/p>\n","protected":false},"excerpt":{"rendered":"<p>Este jueves 23 de enero, m\u00e1s de mil agentes, entre polic\u00edas y militares, participaron en el operativo Apolo III en la parroquia de Pascuales, ubicada en el norte de Guayaquil. Esta intervenci\u00f3n forma parte de una serie de acciones en la Zona 8, donde la violencia y las actividades delictivas, como la extorsi\u00f3n, el tr\u00e1fico [&hellip;]<\/p>\n","protected":false},"author":2,"featured_media":13815,"comment_status":"closed","ping_status":"open","sticky":false,"template":"","format":"standard","meta":{"footnotes":""},"categories":[1],"tags":[],"class_list":["post-13811","post","type-post","status-publish","format-standard","has-post-thumbnail","hentry","category-nacionales"],"_links":{"self":[{"href":"https:\/\/sim.unemi.edu.ec\/index.php\/wp-json\/wp\/v2\/posts\/13811","targetHints":{"allow":["GET"]}}],"collection":[{"href":"https:\/\/sim.unemi.edu.ec\/index.php\/wp-json\/wp\/v2\/posts"}],"about":[{"href":"https:\/\/sim.unemi.edu.ec\/index.php\/wp-json\/wp\/v2\/types\/post"}],"author":[{"embeddable":true,"href":"https:\/\/sim.unemi.edu.ec\/index.php\/wp-json\/wp\/v2\/users\/2"}],"replies":[{"embeddable":true,"href":"https:\/\/sim.unemi.edu.ec\/index.php\/wp-json\/wp\/v2\/comments?post=13811"}],"version-history":[{"count":2,"href":"https:\/\/sim.unemi.edu.ec\/index.php\/wp-json\/wp\/v2\/posts\/13811\/revisions"}],"predecessor-version":[{"id":13814,"href":"https:\/\/sim.unemi.edu.ec\/index.php\/wp-json\/wp\/v2\/posts\/13811\/revisions\/13814"}],"wp:featuredmedia":[{"embeddable":true,"href":"https:\/\/sim.unemi.edu.ec\/index.php\/wp-json\/wp\/v2\/media\/13815"}],"wp:attachment":[{"href":"https:\/\/sim.unemi.edu.ec\/index.php\/wp-json\/wp\/v2\/media?parent=13811"}],"wp:term":[{"taxonomy":"category","embeddable":true,"href":"https:\/\/sim.unemi.edu.ec\/index.php\/wp-json\/wp\/v2\/categories?post=13811"},{"taxonomy":"post_tag","embeddable":true,"href":"https:\/\/sim.unemi.edu.ec\/index.php\/wp-json\/wp\/v2\/tags?post=13811"}],"curies":[{"name":"wp","href":"https:\/\/api.w.org\/{rel}","templated":true}]}}