{"id":13817,"date":"2025-01-22T09:39:00","date_gmt":"2025-01-22T14:39:00","guid":{"rendered":"https:\/\/sim.unemi.edu.ec\/?p=13817"},"modified":"2025-02-23T09:40:39","modified_gmt":"2025-02-23T14:40:39","slug":"clausura-del-proyecto-de-servicios-comunitarios-de-unemi","status":"publish","type":"post","link":"https:\/\/sim.unemi.edu.ec\/index.php\/2025\/01\/22\/clausura-del-proyecto-de-servicios-comunitarios-de-unemi\/","title":{"rendered":"Clausura del proyecto de servicios comunitarios de UNEMI"},"content":{"rendered":"\n<p>El sal\u00f3n auditorio de UNEMI fue el escenario de una significativa clausura del Proyecto de Servicios Comunitarios titulado \u00abPrograma Cultural para la Ocupaci\u00f3n del Tiempo Libre de los Ni\u00f1os y Adolescentes del Sector &#8216;Las Avispas&#8217; de la Ciudad de Milagro\u00bb.<\/p>\n\n\n\n<p>El proyecto ha tenido un impacto trascendental en la vida de los ni\u00f1os y adolescentes del sector \u00abLas Avispas\u00bb, marcando un antes y un despu\u00e9s en su participaci\u00f3n en actividades culturales. La danza, el teatro y la m\u00fasica no solo se han presentado como formas creativas de ocupar el tiempo libre, sino que tambi\u00e9n se han consolidado como herramientas esenciales para el desarrollo integral de los participantes.<\/p>\n\n\n\n<p>La mesa directiva estuvo compuesta por la PhD. Mayra D&#8217;Armas, Vicerrectora de Vinculaci\u00f3n; el Econ. Rodolfo Robles Salguero, Decano de Vinculaci\u00f3n; la Msc. \u00c1mbar Verdugo Arcos, Coordinadora de Servicios Comunitarios; el Lcdo. Jos\u00e9 L\u00f3pez, Asesor T\u00e9cnico de Misi\u00f3n Alianza; la Msc. Jessica Carvajal Morales, Directora de Carrera de Educaci\u00f3n B\u00e1sica en l\u00ednea; la Msc. Monica Zea Vera, Directora de Carrera de Trabajo Social en l\u00ednea; y la Mgs. Nadia Pesantez Jara, L\u00edder del Proyecto de Vinculaci\u00f3n.<\/p>\n\n\n\n<p>El evento de clausura incluy\u00f3 una emocionante muestra en escena del grupo de teatro, que present\u00f3 \u00abNarrativa de f\u00e1bulas e interpretaci\u00f3n teatral\u00bb, permitiendo a los asistentes disfrutar del talento y dedicaci\u00f3n de los j\u00f3venes artistas. La jornada culmin\u00f3 con la entrega de certificados a los ni\u00f1os que formaron parte del proyecto, reconociendo su esfuerzo y compromiso.<\/p>\n\n\n\n<p>UNEMI reafirma as\u00ed su compromiso con la comunidad y la formaci\u00f3n integral de las nuevas generaciones, demostrando que la educaci\u00f3n va m\u00e1s all\u00e1 de las aulas y se extiende hacia la cultura y el desarrollo humano.<\/p>\n\n\n\n<p>Reportaje de Jairo S\u00e1nchez\u2013 Estudiante de la Carrera de Comunicaci\u00f3n Social \u2013 UNEMI y practicante del Sistema Integrado de Medios SIM.<\/p>\n","protected":false},"excerpt":{"rendered":"<p>El sal\u00f3n auditorio de UNEMI fue el escenario de una significativa clausura del Proyecto de Servicios Comunitarios titulado \u00abPrograma Cultural para la Ocupaci\u00f3n del Tiempo Libre de los Ni\u00f1os y Adolescentes del Sector &#8216;Las Avispas&#8217; de la Ciudad de Milagro\u00bb. El proyecto ha tenido un impacto trascendental en la vida de los ni\u00f1os y adolescentes [&hellip;]<\/p>\n","protected":false},"author":2,"featured_media":13818,"comment_status":"closed","ping_status":"open","sticky":false,"template":"","format":"standard","meta":{"footnotes":""},"categories":[1],"tags":[67,68],"class_list":["post-13817","post","type-post","status-publish","format-standard","has-post-thumbnail","hentry","category-nacionales","tag-clausura","tag-servicioscomunitarios"],"_links":{"self":[{"href":"https:\/\/sim.unemi.edu.ec\/index.php\/wp-json\/wp\/v2\/posts\/13817","targetHints":{"allow":["GET"]}}],"collection":[{"href":"https:\/\/sim.unemi.edu.ec\/index.php\/wp-json\/wp\/v2\/posts"}],"about":[{"href":"https:\/\/sim.unemi.edu.ec\/index.php\/wp-json\/wp\/v2\/types\/post"}],"author":[{"embeddable":true,"href":"https:\/\/sim.unemi.edu.ec\/index.php\/wp-json\/wp\/v2\/users\/2"}],"replies":[{"embeddable":true,"href":"https:\/\/sim.unemi.edu.ec\/index.php\/wp-json\/wp\/v2\/comments?post=13817"}],"version-history":[{"count":1,"href":"https:\/\/sim.unemi.edu.ec\/index.php\/wp-json\/wp\/v2\/posts\/13817\/revisions"}],"predecessor-version":[{"id":13819,"href":"https:\/\/sim.unemi.edu.ec\/index.php\/wp-json\/wp\/v2\/posts\/13817\/revisions\/13819"}],"wp:featuredmedia":[{"embeddable":true,"href":"https:\/\/sim.unemi.edu.ec\/index.php\/wp-json\/wp\/v2\/media\/13818"}],"wp:attachment":[{"href":"https:\/\/sim.unemi.edu.ec\/index.php\/wp-json\/wp\/v2\/media?parent=13817"}],"wp:term":[{"taxonomy":"category","embeddable":true,"href":"https:\/\/sim.unemi.edu.ec\/index.php\/wp-json\/wp\/v2\/categories?post=13817"},{"taxonomy":"post_tag","embeddable":true,"href":"https:\/\/sim.unemi.edu.ec\/index.php\/wp-json\/wp\/v2\/tags?post=13817"}],"curies":[{"name":"wp","href":"https:\/\/api.w.org\/{rel}","templated":true}]}}