{"id":13829,"date":"2025-01-22T10:42:00","date_gmt":"2025-01-22T15:42:00","guid":{"rendered":"https:\/\/sim.unemi.edu.ec\/?p=13829"},"modified":"2025-10-30T11:02:32","modified_gmt":"2025-10-30T16:02:32","slug":"docentes-de-unemi-reciben-capacitacion-sobre-investigacion-cientifica","status":"publish","type":"post","link":"https:\/\/sim.unemi.edu.ec\/index.php\/2025\/01\/22\/docentes-de-unemi-reciben-capacitacion-sobre-investigacion-cientifica\/","title":{"rendered":"Docentes de UNEMI reciben capacitaci\u00f3n sobre investigaci\u00f3n cient\u00edfica"},"content":{"rendered":"\n<p>Desde el pasado 13 de enero, la Universidad Estatal de Milagro (UNEMI) ha iniciado un ciclo de capacitaciones en investigaci\u00f3n cient\u00edfica dirigido a sus docentes titulares. Estas sesiones, que se llevan a cabo en el bloque H de la instituci\u00f3n, espec\u00edficamente en las aulas 106, 108 y 109, se realizan los lunes, mi\u00e9rcoles y viernes de 9:00 a.m. a 12:00 p.m.<\/p>\n\n\n\n<p>Las capacitaciones est\u00e1n dise\u00f1adas para proporcionar a los educadores t\u00e9cnicas avanzadas en investigaci\u00f3n que les permitan no solo elaborar art\u00edculos cient\u00edficos de calidad, sino tambi\u00e9n aplicar metodolog\u00edas efectivas en sus pr\u00e1cticas de ense\u00f1anza. El programa de capacitaciones se presenta como una oportunidad valiosa para que los docentes ampl\u00eden sus conocimientos y habilidades en el \u00e1mbito de la investigaci\u00f3n.<\/p>\n\n\n\n<p>La iniciativa es organizada por la Facultad de Investigaci\u00f3n, bajo la direcci\u00f3n del decano PHD. Paolo Fabre y del Dr. Huber Echeverr\u00eda, quien lidera la Escuela de Formaci\u00f3n en Investigaci\u00f3n. Ambos acad\u00e9micos han tomado la delantera en esta gesti\u00f3n con el objetivo de fortalecer las competencias investigativas de los docentes de UNEMI.<\/p>\n\n\n\n<p>La UNEMI reafirma su compromiso con la excelencia acad\u00e9mica y la formaci\u00f3n integral de sus profesionales, sentando las bases para un futuro m\u00e1s prometedor en la investigaci\u00f3n cient\u00edfica.<\/p>\n\n\n\n<p>Reportaje de Amy Hern\u00e1ndez\u2013 Estudiante de la Carrera de Comunicaci\u00f3n Social \u2013 UNEMI y practicante del Sistema Integrado de Medios SIM.<\/p>\n","protected":false},"excerpt":{"rendered":"<p>Desde el pasado 13 de enero, la Universidad Estatal de Milagro (UNEMI) ha iniciado un ciclo de capacitaciones en investigaci\u00f3n cient\u00edfica dirigido a sus docentes titulares. Estas sesiones, que se llevan a cabo en el bloque H de la instituci\u00f3n, espec\u00edficamente en las aulas 106, 108 y 109, se realizan los lunes, mi\u00e9rcoles y viernes [&hellip;]<\/p>\n","protected":false},"author":2,"featured_media":13831,"comment_status":"closed","ping_status":"open","sticky":false,"template":"","format":"standard","meta":{"footnotes":""},"categories":[81,80],"tags":[70,71],"class_list":["post-13829","post","type-post","status-publish","format-standard","has-post-thumbnail","hentry","category-noticias","category-noticias_institucionales","tag-capacitacion","tag-investigacioncientifica"],"_links":{"self":[{"href":"https:\/\/sim.unemi.edu.ec\/index.php\/wp-json\/wp\/v2\/posts\/13829","targetHints":{"allow":["GET"]}}],"collection":[{"href":"https:\/\/sim.unemi.edu.ec\/index.php\/wp-json\/wp\/v2\/posts"}],"about":[{"href":"https:\/\/sim.unemi.edu.ec\/index.php\/wp-json\/wp\/v2\/types\/post"}],"author":[{"embeddable":true,"href":"https:\/\/sim.unemi.edu.ec\/index.php\/wp-json\/wp\/v2\/users\/2"}],"replies":[{"embeddable":true,"href":"https:\/\/sim.unemi.edu.ec\/index.php\/wp-json\/wp\/v2\/comments?post=13829"}],"version-history":[{"count":1,"href":"https:\/\/sim.unemi.edu.ec\/index.php\/wp-json\/wp\/v2\/posts\/13829\/revisions"}],"predecessor-version":[{"id":13830,"href":"https:\/\/sim.unemi.edu.ec\/index.php\/wp-json\/wp\/v2\/posts\/13829\/revisions\/13830"}],"wp:featuredmedia":[{"embeddable":true,"href":"https:\/\/sim.unemi.edu.ec\/index.php\/wp-json\/wp\/v2\/media\/13831"}],"wp:attachment":[{"href":"https:\/\/sim.unemi.edu.ec\/index.php\/wp-json\/wp\/v2\/media?parent=13829"}],"wp:term":[{"taxonomy":"category","embeddable":true,"href":"https:\/\/sim.unemi.edu.ec\/index.php\/wp-json\/wp\/v2\/categories?post=13829"},{"taxonomy":"post_tag","embeddable":true,"href":"https:\/\/sim.unemi.edu.ec\/index.php\/wp-json\/wp\/v2\/tags?post=13829"}],"curies":[{"name":"wp","href":"https:\/\/api.w.org\/{rel}","templated":true}]}}