{"id":14009,"date":"2025-02-25T09:21:00","date_gmt":"2025-02-25T14:21:00","guid":{"rendered":"https:\/\/sim.unemi.edu.ec\/?p=14009"},"modified":"2025-10-30T11:34:42","modified_gmt":"2025-10-30T16:34:42","slug":"papa-francisco-autoriza-canonizacion-de-jose-gregorio-hernandez","status":"publish","type":"post","link":"https:\/\/sim.unemi.edu.ec\/index.php\/2025\/02\/25\/papa-francisco-autoriza-canonizacion-de-jose-gregorio-hernandez\/","title":{"rendered":"Papa Francisco autoriza canonizaci\u00f3n de Jos\u00e9 Gregorio Hern\u00e1ndez"},"content":{"rendered":"\n<p>Gregorio \u00abel m\u00e9dico de los pobres\u00bb, ser\u00e1 proclamado santo, noticia que ha alegrado a los venezolanos que llevaban a\u00f1os esperando la buena noticia: tienen su primer santo proclamado por la Iglesia Cat\u00f3lica Universal.<\/p>\n\n\n\n<blockquote class=\"wp-block-quote is-layout-flow wp-block-quote-is-layout-flow\"><\/blockquote>\n\n\n\n<p><img loading=\"lazy\" decoding=\"async\" height=\"16\" width=\"16\" src=\"https:\/\/static.xx.fbcdn.net\/images\/emoji.php\/v9\/tb4\/2\/16\/2705.png\" alt=\"\u2705\">En un comunicado de la Santa Sede se dio a conocer que el Pont\u00edfice aprob\u00f3 los votos favorables de la Sesi\u00f3n Ordinaria de los Padres Cardenales y Obispos miembros del Dicasterio para las Causas de los Santos, lo que permitir\u00e1 la canonizaci\u00f3n del beato bolivariano.<\/p>\n\n\n\n<p><img loading=\"lazy\" decoding=\"async\" height=\"16\" width=\"16\" alt=\"\u2705\" src=\"https:\/\/static.xx.fbcdn.net\/images\/emoji.php\/v9\/tb4\/2\/16\/2705.png\">El Vaticano resalta que el legado de quien ahora ser\u00e1 San Gregorio a\u00fan cala profundamente en el pueblo venezolano, y el inter\u00e9s y la devoci\u00f3n por su figura han crecido en los \u00faltimos a\u00f1os en el Caribe y toda la regi\u00f3n.<\/p>\n\n\n\n<p><img loading=\"lazy\" decoding=\"async\" height=\"16\" width=\"16\" alt=\"\u2705\" src=\"https:\/\/static.xx.fbcdn.net\/images\/emoji.php\/v9\/tb4\/2\/16\/2705.png\">La noticia fue acogida con alegr\u00eda por la arquidi\u00f3cesis de Caracas y su monse\u00f1or, Ra\u00fal Biord Castillo. Se trata de un reconocimiento a la vida ejemplar y a las virtudes de un ciudadano que dedic\u00f3 sus energ\u00edas a aliviar el sufrimiento humano y a transmitir en cada acci\u00f3n un mensaje de esperanza y amor.<\/p>\n\n\n\n<p><img loading=\"lazy\" decoding=\"async\" height=\"16\" width=\"16\" alt=\"\u2705\" src=\"https:\/\/static.xx.fbcdn.net\/images\/emoji.php\/v9\/tb4\/2\/16\/2705.png\">Jos\u00e9 Gregorio Hern\u00e1ndez Cisneros naci\u00f3 el 26 de octubre de 1864 en Isnot\u00fa, estado Trujillo, y desde muy temprano demostr\u00f3 una gran inteligencia as\u00ed como una profunda vocaci\u00f3n de servicio. Se gradu\u00f3 en medicina en la Universidad Central de Venezuela y posteriormente se especializ\u00f3 en Par\u00eds, Francia, instituci\u00f3n en la que resalt\u00f3 por su excelencia profesional y su compromiso social.<\/p>\n\n\n\n<p><img loading=\"lazy\" decoding=\"async\" height=\"16\" width=\"16\" alt=\"\u2705\" src=\"https:\/\/static.xx.fbcdn.net\/images\/emoji.php\/v9\/tb4\/2\/16\/2705.png\">Tras su ingreso en la Tercera Orden Regular de San Francisco, Gregorio puso su vida al servicio de los m\u00e1s necesitados, lo cual le vali\u00f3 el ep\u00edteto \u00abel m\u00e9dico de los pobres\u00bb, por el que es conocido en el mundo.<\/p>\n\n\n\n<p><img loading=\"lazy\" decoding=\"async\" height=\"16\" width=\"16\" alt=\"\ud83d\udcf8\" src=\"https:\/\/static.xx.fbcdn.net\/images\/emoji.php\/v9\/t7d\/2\/16\/1f4f8.png\">Reportaje de Lourdes Correa &#8211; Estudiante de la carrera de Comunicaci\u00f3n &#8211; UNEMI y practicante del Sistema Integrado de Medios SIM.<\/p>\n","protected":false},"excerpt":{"rendered":"<p>Gregorio \u00abel m\u00e9dico de los pobres\u00bb, ser\u00e1 proclamado santo, noticia que ha alegrado a los venezolanos que llevaban a\u00f1os esperando la buena noticia: tienen su primer santo proclamado por la Iglesia Cat\u00f3lica Universal. En un comunicado de la Santa Sede se dio a conocer que el Pont\u00edfice aprob\u00f3 los votos favorables de la Sesi\u00f3n Ordinaria [&hellip;]<\/p>\n","protected":false},"author":3,"featured_media":14010,"comment_status":"closed","ping_status":"open","sticky":false,"template":"","format":"standard","meta":{"footnotes":""},"categories":[1,81],"tags":[82,83],"class_list":["post-14009","post","type-post","status-publish","format-standard","has-post-thumbnail","hentry","category-nacionales","category-noticias","tag-gregorio","tag-medicodelospobres"],"_links":{"self":[{"href":"https:\/\/sim.unemi.edu.ec\/index.php\/wp-json\/wp\/v2\/posts\/14009","targetHints":{"allow":["GET"]}}],"collection":[{"href":"https:\/\/sim.unemi.edu.ec\/index.php\/wp-json\/wp\/v2\/posts"}],"about":[{"href":"https:\/\/sim.unemi.edu.ec\/index.php\/wp-json\/wp\/v2\/types\/post"}],"author":[{"embeddable":true,"href":"https:\/\/sim.unemi.edu.ec\/index.php\/wp-json\/wp\/v2\/users\/3"}],"replies":[{"embeddable":true,"href":"https:\/\/sim.unemi.edu.ec\/index.php\/wp-json\/wp\/v2\/comments?post=14009"}],"version-history":[{"count":3,"href":"https:\/\/sim.unemi.edu.ec\/index.php\/wp-json\/wp\/v2\/posts\/14009\/revisions"}],"predecessor-version":[{"id":14519,"href":"https:\/\/sim.unemi.edu.ec\/index.php\/wp-json\/wp\/v2\/posts\/14009\/revisions\/14519"}],"wp:featuredmedia":[{"embeddable":true,"href":"https:\/\/sim.unemi.edu.ec\/index.php\/wp-json\/wp\/v2\/media\/14010"}],"wp:attachment":[{"href":"https:\/\/sim.unemi.edu.ec\/index.php\/wp-json\/wp\/v2\/media?parent=14009"}],"wp:term":[{"taxonomy":"category","embeddable":true,"href":"https:\/\/sim.unemi.edu.ec\/index.php\/wp-json\/wp\/v2\/categories?post=14009"},{"taxonomy":"post_tag","embeddable":true,"href":"https:\/\/sim.unemi.edu.ec\/index.php\/wp-json\/wp\/v2\/tags?post=14009"}],"curies":[{"name":"wp","href":"https:\/\/api.w.org\/{rel}","templated":true}]}}