{"id":14033,"date":"2025-02-26T11:27:52","date_gmt":"2025-02-26T16:27:52","guid":{"rendered":"https:\/\/sim.unemi.edu.ec\/?p=14033"},"modified":"2025-02-26T14:56:25","modified_gmt":"2025-02-26T19:56:25","slug":"barcelona-vs-el-nacional-por-la-copa-libertadores","status":"publish","type":"post","link":"https:\/\/sim.unemi.edu.ec\/index.php\/2025\/02\/26\/barcelona-vs-el-nacional-por-la-copa-libertadores\/","title":{"rendered":"Barcelona vs. El Nacional por la Copa Libertadores"},"content":{"rendered":"<div class=\"wp-block-image\">\n<figure class=\"aligncenter size-large is-resized\"><img loading=\"lazy\" decoding=\"async\" width=\"1024\" height=\"1024\" src=\"https:\/\/sim.unemi.edu.ec\/wp-content\/uploads\/2025\/02\/Post-Noticias-U-news-26-febrero-2025-1-1024x1024.png\" alt=\"\" class=\"wp-image-14032\" style=\"width:489px;height:auto\"\/><\/figure><\/div>\n\n\n<p><\/p>\n\n\n\n<p>El duelo de ecuatorianos en la fase 2 de la Copa Libertadores se define este mi\u00e9rcoles a las 19:30, con el partido de vuelta entre Barcelona y El Nacional.<\/p>\n\n\n\n<p><img loading=\"lazy\" decoding=\"async\" height=\"16\" width=\"16\" alt=\"\u2705\" src=\"https:\/\/static.xx.fbcdn.net\/images\/emoji.php\/v9\/tb4\/2\/16\/2705.png\">Los Toreros llegan con ventaja al haber conseguido el triunfo por 1-0 en la ida jugada en Quito, por lo que buscar\u00e1n cerrar la llave en condici\u00f3n de locales, ante un Bi-Tri que necesita la victoria en el Estadio Banco Pichincha.<\/p>\n\n\n\n<p><img loading=\"lazy\" decoding=\"async\" height=\"16\" width=\"16\" alt=\"\ud83d\udccc\" src=\"https:\/\/static.xx.fbcdn.net\/images\/emoji.php\/v9\/t4b\/2\/16\/1f4cc.png\">\u00bfC\u00f3mo llegan los dos equipos?<\/p>\n\n\n\n<p><img loading=\"lazy\" decoding=\"async\" height=\"16\" width=\"16\" alt=\"\u2705\" src=\"https:\/\/static.xx.fbcdn.net\/images\/emoji.php\/v9\/tb4\/2\/16\/2705.png\">El \u00eddolo llega en un gran momento an\u00edmico gracias a que en este inicio de temporada consigui\u00f3 tres triunfos en la misma cantidad de partidos jugados. En la LigaPro debut\u00f3 ante el Manta, partido que ganaron 3-2 con un gol ag\u00f3nico, y el pasado domingo recibi\u00f3 a Mushuc Runa en un encuentro que sufrieron, pero terminaron consiguiendo el triunfo por 1-0.<\/p>\n\n\n\n<p><img loading=\"lazy\" decoding=\"async\" height=\"16\" width=\"16\" alt=\"\u2705\" src=\"https:\/\/static.xx.fbcdn.net\/images\/emoji.php\/v9\/tb4\/2\/16\/2705.png\">El arranque de temporada del Nacho est\u00e1 lejos de ser el ideal, ya que hasta el momento no han conseguido un triunfo en seis partidos. En la LigaPro suman una derrota ante Deportivo Cuenca en la fecha 1 y en la jornada 2 igualaron 1-1 contra Universidad Cat\u00f3lica el pasado domingo.<\/p>\n\n\n\n<p><img loading=\"lazy\" decoding=\"async\" height=\"16\" width=\"16\" alt=\"\ud83d\udccc\" src=\"https:\/\/static.xx.fbcdn.net\/images\/emoji.php\/v9\/t4b\/2\/16\/1f4cc.png\">El premio econ\u00f3mico que est\u00e1 en juego.<\/p>\n\n\n\n<p><img loading=\"lazy\" decoding=\"async\" height=\"16\" width=\"16\" alt=\"\u2705\" src=\"https:\/\/static.xx.fbcdn.net\/images\/emoji.php\/v9\/tb4\/2\/16\/2705.png\">Los dos equipos preparan el desquite de la llave, en la que hay en juego mucho dinero, ya que el que clasifique a la Fase 3 se embolsar\u00e1 $600.000. Tanto el \u00cddolo y el Nacho necesitan obtener ingresos, por lo que dejar\u00e1n todo en la cancha para poder avanzar en el torneo internacional.<\/p>\n\n\n\n<p><img loading=\"lazy\" decoding=\"async\" height=\"16\" width=\"16\" alt=\"\ud83d\udccc\" src=\"https:\/\/static.xx.fbcdn.net\/images\/emoji.php\/v9\/t4b\/2\/16\/1f4cc.png\">D\u00eda y horario del Barcelona vs. El Nacional.<\/p>\n\n\n\n<p><img loading=\"lazy\" decoding=\"async\" height=\"16\" width=\"16\" alt=\"\u2705\" src=\"https:\/\/static.xx.fbcdn.net\/images\/emoji.php\/v9\/tb4\/2\/16\/2705.png\">El partido tendr\u00e1 su pitazo inicial a las 19.30 de este mi\u00e9rcoles 26 de febrero.<\/p>\n\n\n\n<p><img loading=\"lazy\" decoding=\"async\" height=\"16\" width=\"16\" alt=\"\ud83d\udccc\" src=\"https:\/\/static.xx.fbcdn.net\/images\/emoji.php\/v9\/t4b\/2\/16\/1f4cc.png\">\u00bfPor d\u00f3nde ver el encuentro de Barcelona vs. El Nacional?<\/p>\n\n\n\n<p><img loading=\"lazy\" decoding=\"async\" height=\"16\" width=\"16\" alt=\"\u2705\" src=\"https:\/\/static.xx.fbcdn.net\/images\/emoji.php\/v9\/tb4\/2\/16\/2705.png\">El encuentro ser\u00e1 transmitido por ESPN y Disney+ (streaming).<\/p>\n\n\n\n<p><img loading=\"lazy\" decoding=\"async\" height=\"16\" width=\"16\" alt=\"\ud83d\udcf0\" src=\"https:\/\/static.xx.fbcdn.net\/images\/emoji.php\/v9\/t75\/2\/16\/1f4f0.png\"><img loading=\"lazy\" decoding=\"async\" height=\"16\" width=\"16\" alt=\"\ud83d\udcf7\" src=\"https:\/\/static.xx.fbcdn.net\/images\/emoji.php\/v9\/tfc\/2\/16\/1f4f7.png\">Reportaje de Dayana Flores \u2013 Estudiante de la Carrera de Comunicaci\u00f3n Social &#8211; UNEMI y practicante del Sistema Integrado de Medios SIM.<\/p>\n","protected":false},"excerpt":{"rendered":"<p>El duelo de ecuatorianos en la fase 2 de la Copa Libertadores se define este mi\u00e9rcoles a las 19:30, con el partido de vuelta entre Barcelona y El Nacional. Los Toreros llegan con ventaja al haber conseguido el triunfo por 1-0 en la ida jugada en Quito, por lo que buscar\u00e1n cerrar la llave en [&hellip;]<\/p>\n","protected":false},"author":3,"featured_media":14032,"comment_status":"closed","ping_status":"closed","sticky":false,"template":"","format":"standard","meta":{"footnotes":""},"categories":[1],"tags":[86,85],"class_list":["post-14033","post","type-post","status-publish","format-standard","has-post-thumbnail","hentry","category-nacionales","tag-barcelonasc","tag-copalibertadores"],"_links":{"self":[{"href":"https:\/\/sim.unemi.edu.ec\/index.php\/wp-json\/wp\/v2\/posts\/14033","targetHints":{"allow":["GET"]}}],"collection":[{"href":"https:\/\/sim.unemi.edu.ec\/index.php\/wp-json\/wp\/v2\/posts"}],"about":[{"href":"https:\/\/sim.unemi.edu.ec\/index.php\/wp-json\/wp\/v2\/types\/post"}],"author":[{"embeddable":true,"href":"https:\/\/sim.unemi.edu.ec\/index.php\/wp-json\/wp\/v2\/users\/3"}],"replies":[{"embeddable":true,"href":"https:\/\/sim.unemi.edu.ec\/index.php\/wp-json\/wp\/v2\/comments?post=14033"}],"version-history":[{"count":5,"href":"https:\/\/sim.unemi.edu.ec\/index.php\/wp-json\/wp\/v2\/posts\/14033\/revisions"}],"predecessor-version":[{"id":14073,"href":"https:\/\/sim.unemi.edu.ec\/index.php\/wp-json\/wp\/v2\/posts\/14033\/revisions\/14073"}],"wp:featuredmedia":[{"embeddable":true,"href":"https:\/\/sim.unemi.edu.ec\/index.php\/wp-json\/wp\/v2\/media\/14032"}],"wp:attachment":[{"href":"https:\/\/sim.unemi.edu.ec\/index.php\/wp-json\/wp\/v2\/media?parent=14033"}],"wp:term":[{"taxonomy":"category","embeddable":true,"href":"https:\/\/sim.unemi.edu.ec\/index.php\/wp-json\/wp\/v2\/categories?post=14033"},{"taxonomy":"post_tag","embeddable":true,"href":"https:\/\/sim.unemi.edu.ec\/index.php\/wp-json\/wp\/v2\/tags?post=14033"}],"curies":[{"name":"wp","href":"https:\/\/api.w.org\/{rel}","templated":true}]}}