{"id":14055,"date":"2025-02-26T14:34:29","date_gmt":"2025-02-26T19:34:29","guid":{"rendered":"https:\/\/sim.unemi.edu.ec\/?p=14055"},"modified":"2025-02-26T14:55:40","modified_gmt":"2025-02-26T19:55:40","slug":"emprender-culmino-su-tercera-temporada-con-exito-y-nuevos-horizontes","status":"publish","type":"post","link":"https:\/\/sim.unemi.edu.ec\/index.php\/2025\/02\/26\/emprender-culmino-su-tercera-temporada-con-exito-y-nuevos-horizontes\/","title":{"rendered":"@Emprender culmin\u00f3 su tercera temporada con \u00e9xito y nuevos horizontes"},"content":{"rendered":"\n<figure class=\"wp-block-image size-large\"><img loading=\"lazy\" decoding=\"async\" width=\"1024\" height=\"1024\" src=\"https:\/\/sim.unemi.edu.ec\/wp-content\/uploads\/2025\/02\/Post-Noticias-U-news-26-febrero-2025-2-1024x1024.png\" alt=\"\" class=\"wp-image-14056\"\/><\/figure>\n\n\n\n<p style=\"font-style:normal;font-weight:300\"><img loading=\"lazy\" decoding=\"async\" height=\"16\" width=\"16\" alt=\"\u2705\" src=\"https:\/\/static.xx.fbcdn.net\/images\/emoji.php\/v9\/tb4\/2\/16\/2705.png\"><a><\/a>A lo largo de esta temporada, @Emprender ha compartido historias inspiradoras, acompa\u00f1ando a emprendedores en su crecimiento y proporcionando herramientas valiosas que han sido de gran ayuda en su camino hacia el \u00e9xito. \u00abVerlos avanzar ha sido nuestra mayor recompensa\u00bb, afirm\u00f3 el Msc. Freddy Garaicoa, coordinador del \u00e1rea de Emprendimiento de la Universidad Estatal de Milagro (UNEMI).<\/p>\n\n\n\n<p style=\"font-style:normal;font-weight:300\"><img loading=\"lazy\" decoding=\"async\" height=\"16\" width=\"16\" alt=\"\u2705\" src=\"https:\/\/static.xx.fbcdn.net\/images\/emoji.php\/v9\/tb4\/2\/16\/2705.png\"> El programa ha representado un valioso espacio de aprendizaje y crecimiento para los estudiantes de Multimedia y Comunicaci\u00f3n Social de la UNEMI. Como parte de sus pr\u00e1cticas preprofesionales en el SIM, estos j\u00f3venes talentos han aportado su creatividad y dedicaci\u00f3n en cada emisi\u00f3n, desde la producci\u00f3n hasta la difusi\u00f3n del contenido, lo que ha sido clave para que este proyecto cobre vida con calidad y profesionalismo.<\/p>\n\n\n\n<p style=\"font-style:normal;font-weight:300\"><img loading=\"lazy\" decoding=\"async\" height=\"16\" width=\"16\" alt=\"\u2705\" src=\"https:\/\/static.xx.fbcdn.net\/images\/emoji.php\/v9\/tb4\/2\/16\/2705.png\"> \u00abEste espacio ha tenido como objetivo fundamental impulsar sue\u00f1os, dar visibilidad a emprendedores y demostrar que cada idea puede convertirse en un gran proyecto\u00bb, expres\u00f3 Alex Yungan, productor del programa @Emprender, estudiante de la carrera de Multimedia, quien realiza sus pr\u00e1cticas profesionales en el SIM.<\/p>\n\n\n\n<p style=\"font-style:normal;font-weight:300\"><img loading=\"lazy\" decoding=\"async\" height=\"16\" width=\"16\" alt=\"\u2705\" src=\"https:\/\/static.xx.fbcdn.net\/images\/emoji.php\/v9\/tb4\/2\/16\/2705.png\"> \u00abDesde el Vicerrectorado de Vinculaci\u00f3n de la UNEMI, dirigido por la Dra. Mayra D\u00b4Armas, agradecemos profundamente a cada emprendedor que confi\u00f3 en nosotros, a nuestros colaboradores por su entrega y a todos aquellos que nos acompa\u00f1aron en este viaje; sus sue\u00f1os y proyectos son el verdadero motor de este programa, y estamos seguros de que seguir\u00e1n brillando en el futuro\u00bb, agreg\u00f3 Garaicoa.<\/p>\n\n\n\n<p style=\"font-style:normal;font-weight:300\"><img loading=\"lazy\" decoding=\"async\" height=\"16\" width=\"16\" alt=\"\u2705\" src=\"https:\/\/static.xx.fbcdn.net\/images\/emoji.php\/v9\/tb4\/2\/16\/2705.png\"> Aunque cerramos este ciclo, el compromiso de apoyar el emprendimiento sigue vivo. \u00abContinuaremos construyendo juntos, innovando y apostando por un futuro lleno de oportunidades\u00bb, concluy\u00f3 el coordinador.<\/p>\n\n\n\n<p style=\"font-style:normal;font-weight:300\"><img loading=\"lazy\" decoding=\"async\" height=\"16\" width=\"16\" alt=\"\u2705\" src=\"https:\/\/static.xx.fbcdn.net\/images\/emoji.php\/v9\/tb4\/2\/16\/2705.png\"> @Emprender se despide de su tercera temporada, pero promete regresar con m\u00e1s historias, m\u00e1s emprendedores y m\u00e1s inspiraci\u00f3n para todos aquellos que sue\u00f1an en grande.<\/p>\n\n\n\n<p style=\"font-style:normal;font-weight:300\"><img loading=\"lazy\" decoding=\"async\" height=\"16\" width=\"16\" alt=\"\ud83d\udcf0\" src=\"https:\/\/static.xx.fbcdn.net\/images\/emoji.php\/v9\/t75\/2\/16\/1f4f0.png\"><img loading=\"lazy\" decoding=\"async\" height=\"16\" width=\"16\" alt=\"\ud83d\udcf7\" src=\"https:\/\/static.xx.fbcdn.net\/images\/emoji.php\/v9\/tfc\/2\/16\/1f4f7.png\">Reportaje de Lizbeth Saldarriaga \u2013 Estudiante de la Carrera de Comunicaci\u00f3n Social &#8211; UNEMI y practicante del Sistema Integrado de Medios SIM.<\/p>\n\n\n\n<p><\/p>\n","protected":false},"excerpt":{"rendered":"<p>A lo largo de esta temporada, @Emprender ha compartido historias inspiradoras, acompa\u00f1ando a emprendedores en su crecimiento y proporcionando herramientas valiosas que han sido de gran ayuda en su camino hacia el \u00e9xito. \u00abVerlos avanzar ha sido nuestra mayor recompensa\u00bb, afirm\u00f3 el Msc. Freddy Garaicoa, coordinador del \u00e1rea de Emprendimiento de la Universidad Estatal de [&hellip;]<\/p>\n","protected":false},"author":3,"featured_media":14056,"comment_status":"closed","ping_status":"open","sticky":false,"template":"","format":"standard","meta":{"footnotes":""},"categories":[1,80],"tags":[90,89],"class_list":["post-14055","post","type-post","status-publish","format-standard","has-post-thumbnail","hentry","category-nacionales","category-noticias_institucionales","tag-emprender","tag-historiasdeinspiracion"],"_links":{"self":[{"href":"https:\/\/sim.unemi.edu.ec\/index.php\/wp-json\/wp\/v2\/posts\/14055","targetHints":{"allow":["GET"]}}],"collection":[{"href":"https:\/\/sim.unemi.edu.ec\/index.php\/wp-json\/wp\/v2\/posts"}],"about":[{"href":"https:\/\/sim.unemi.edu.ec\/index.php\/wp-json\/wp\/v2\/types\/post"}],"author":[{"embeddable":true,"href":"https:\/\/sim.unemi.edu.ec\/index.php\/wp-json\/wp\/v2\/users\/3"}],"replies":[{"embeddable":true,"href":"https:\/\/sim.unemi.edu.ec\/index.php\/wp-json\/wp\/v2\/comments?post=14055"}],"version-history":[{"count":5,"href":"https:\/\/sim.unemi.edu.ec\/index.php\/wp-json\/wp\/v2\/posts\/14055\/revisions"}],"predecessor-version":[{"id":14071,"href":"https:\/\/sim.unemi.edu.ec\/index.php\/wp-json\/wp\/v2\/posts\/14055\/revisions\/14071"}],"wp:featuredmedia":[{"embeddable":true,"href":"https:\/\/sim.unemi.edu.ec\/index.php\/wp-json\/wp\/v2\/media\/14056"}],"wp:attachment":[{"href":"https:\/\/sim.unemi.edu.ec\/index.php\/wp-json\/wp\/v2\/media?parent=14055"}],"wp:term":[{"taxonomy":"category","embeddable":true,"href":"https:\/\/sim.unemi.edu.ec\/index.php\/wp-json\/wp\/v2\/categories?post=14055"},{"taxonomy":"post_tag","embeddable":true,"href":"https:\/\/sim.unemi.edu.ec\/index.php\/wp-json\/wp\/v2\/tags?post=14055"}],"curies":[{"name":"wp","href":"https:\/\/api.w.org\/{rel}","templated":true}]}}