{"id":14318,"date":"2025-04-01T10:01:40","date_gmt":"2025-04-01T15:01:40","guid":{"rendered":"https:\/\/sim.unemi.edu.ec\/?p=14318"},"modified":"2025-10-29T11:49:07","modified_gmt":"2025-10-29T16:49:07","slug":"unemi-inaugura-centro-de-apoyo-internacional-en-madrid-espana","status":"publish","type":"post","link":"https:\/\/sim.unemi.edu.ec\/index.php\/2025\/04\/01\/unemi-inaugura-centro-de-apoyo-internacional-en-madrid-espana\/","title":{"rendered":"UNEMI inaugura Centro de Apoyo Internacional en Madrid, Espa\u00f1a"},"content":{"rendered":"\n<figure class=\"wp-block-gallery has-nested-images columns-default is-cropped wp-block-gallery-1 is-layout-flex wp-block-gallery-is-layout-flex\">\n<figure class=\"wp-block-image size-large\"><img loading=\"lazy\" decoding=\"async\" width=\"1024\" height=\"1024\" data-id=\"14319\" src=\"https:\/\/sim.unemi.edu.ec\/wp-content\/uploads\/2025\/04\/Post-Noticias-U-news-01-abril-2025-1-1024x1024.png\" alt=\"\" class=\"wp-image-14319\"\/><\/figure>\n<\/figure>\n\n\n\n<p><\/p>\n\n\n\n<p><img loading=\"lazy\" decoding=\"async\" height=\"16\" width=\"16\" alt=\"\u2705\" src=\"https:\/\/static.xx.fbcdn.net\/images\/emoji.php\/v9\/tb4\/2\/16\/2705.png\">Este martes, 1 de abril de 2025. La Universidad Estatal de Milagro (UNEMI) marc\u00f3 un hito en su historia con la inauguraci\u00f3n del Centro de Apoyo Internacional en Madrid, Espa\u00f1a. Este nuevo espacio se convertir\u00e1 en un punto de referencia para la comunidad ecuatoriana en Europa, brindando soporte acad\u00e9mico y profesional para fortalecer su desarrollo integral y facilitar su integraci\u00f3n en el entorno educativo y laboral.<\/p>\n\n\n\n<p><img loading=\"lazy\" decoding=\"async\" height=\"16\" width=\"16\" alt=\"\u2705\" src=\"https:\/\/static.xx.fbcdn.net\/images\/emoji.php\/v9\/tb4\/2\/16\/2705.png\">El Centro ofrecer\u00e1 una amplia gama de servicios, incluyendo asesoramiento acad\u00e9mico, orientaci\u00f3n profesional, preparaci\u00f3n para calificaciones, cursos gratuitos de educaci\u00f3n continua, el programa \u00abMil Becas\u00bb, vinculaci\u00f3n con la colectividad, toma de ex\u00e1menes y sustentaciones, pr\u00e1cticas preprofesionales, as\u00ed como apoyo a docentes en estancias acad\u00e9micas.<\/p>\n\n\n\n<p><img loading=\"lazy\" decoding=\"async\" height=\"16\" width=\"16\" alt=\"\u2705\" src=\"https:\/\/static.xx.fbcdn.net\/images\/emoji.php\/v9\/tb4\/2\/16\/2705.png\">El Dr. Fabricio Guevara, rector de UNEMI, destac\u00f3 el compromiso de la instituci\u00f3n con la comunidad migrante en Espa\u00f1a: \u00abComo universidad p\u00fablica, recibimos a 300 estudiantes de grado y posgrado provenientes de nuestra comunidad. Es nuestra responsabilidad ofrecer nuestras 10 carreras en l\u00ednea para brindar oportunidades a nuestros compatriotas en el exterior\u00bb.<\/p>\n\n\n\n<p><img loading=\"lazy\" decoding=\"async\" height=\"16\" width=\"16\" alt=\"\u2705\" src=\"https:\/\/static.xx.fbcdn.net\/images\/emoji.php\/v9\/tb4\/2\/16\/2705.png\">Por su parte, el Dr. Pablo Beltr\u00e1n, presidente del Consejo de Educaci\u00f3n Superior, resalt\u00f3 el impacto de esta iniciativa: \u00abConvencido de que la educaci\u00f3n superior tiene el poder de transformar realidades, esta inauguraci\u00f3n demuestra c\u00f3mo UNEMI, al hacer un uso responsable de su autonom\u00eda, se convierte en una fuerza impulsora de cambio, progreso y colaboraci\u00f3n, trascendiendo fronteras\u00bb.<\/p>\n\n\n\n<p><img loading=\"lazy\" decoding=\"async\" height=\"16\" width=\"16\" alt=\"\u2705\" src=\"https:\/\/static.xx.fbcdn.net\/images\/emoji.php\/v9\/tb4\/2\/16\/2705.png\">Como parte del evento inaugural, se llev\u00f3 a cabo una Charla Magistral sobre \u00abInteligencia Artificial en la Actualidad\u00bb, dictada por el Dr. Plutarco Naranjo, ofreciendo un espacio de reflexi\u00f3n y aprendizaje sobre los avances tecnol\u00f3gicos y su impacto en la educaci\u00f3n y la sociedad.<\/p>\n","protected":false},"excerpt":{"rendered":"<p>Este martes, 1 de abril de 2025. La Universidad Estatal de Milagro (UNEMI) marc\u00f3 un hito en su historia con la inauguraci\u00f3n del Centro de Apoyo Internacional en Madrid, Espa\u00f1a. Este nuevo espacio se convertir\u00e1 en un punto de referencia para la comunidad ecuatoriana en Europa, brindando soporte acad\u00e9mico y profesional para fortalecer su desarrollo [&hellip;]<\/p>\n","protected":false},"author":3,"featured_media":14319,"comment_status":"closed","ping_status":"open","sticky":false,"template":"","format":"standard","meta":{"footnotes":""},"categories":[81,80],"tags":[108,109,112,110],"class_list":["post-14318","post","type-post","status-publish","format-standard","has-post-thumbnail","hentry","category-noticias","category-noticias_institucionales","tag-centrodeapoyo-2","tag-madrid-2","tag-sim-2","tag-unemi-2"],"_links":{"self":[{"href":"https:\/\/sim.unemi.edu.ec\/index.php\/wp-json\/wp\/v2\/posts\/14318","targetHints":{"allow":["GET"]}}],"collection":[{"href":"https:\/\/sim.unemi.edu.ec\/index.php\/wp-json\/wp\/v2\/posts"}],"about":[{"href":"https:\/\/sim.unemi.edu.ec\/index.php\/wp-json\/wp\/v2\/types\/post"}],"author":[{"embeddable":true,"href":"https:\/\/sim.unemi.edu.ec\/index.php\/wp-json\/wp\/v2\/users\/3"}],"replies":[{"embeddable":true,"href":"https:\/\/sim.unemi.edu.ec\/index.php\/wp-json\/wp\/v2\/comments?post=14318"}],"version-history":[{"count":2,"href":"https:\/\/sim.unemi.edu.ec\/index.php\/wp-json\/wp\/v2\/posts\/14318\/revisions"}],"predecessor-version":[{"id":14324,"href":"https:\/\/sim.unemi.edu.ec\/index.php\/wp-json\/wp\/v2\/posts\/14318\/revisions\/14324"}],"wp:featuredmedia":[{"embeddable":true,"href":"https:\/\/sim.unemi.edu.ec\/index.php\/wp-json\/wp\/v2\/media\/14319"}],"wp:attachment":[{"href":"https:\/\/sim.unemi.edu.ec\/index.php\/wp-json\/wp\/v2\/media?parent=14318"}],"wp:term":[{"taxonomy":"category","embeddable":true,"href":"https:\/\/sim.unemi.edu.ec\/index.php\/wp-json\/wp\/v2\/categories?post=14318"},{"taxonomy":"post_tag","embeddable":true,"href":"https:\/\/sim.unemi.edu.ec\/index.php\/wp-json\/wp\/v2\/tags?post=14318"}],"curies":[{"name":"wp","href":"https:\/\/api.w.org\/{rel}","templated":true}]}}