{"id":14446,"date":"2025-04-23T12:43:29","date_gmt":"2025-04-23T17:43:29","guid":{"rendered":"https:\/\/sim.unemi.edu.ec\/?p=14446"},"modified":"2025-04-29T12:55:34","modified_gmt":"2025-04-29T17:55:34","slug":"doce-nombres-un-solo-destino-quien-ocupara-el-trono-de-san-pedro","status":"publish","type":"post","link":"https:\/\/sim.unemi.edu.ec\/index.php\/2025\/04\/23\/doce-nombres-un-solo-destino-quien-ocupara-el-trono-de-san-pedro\/","title":{"rendered":"Doce nombres, un solo destino: \u00bfQui\u00e9n ocupar\u00e1 el trono de San Pedro?"},"content":{"rendered":"\n<figure class=\"wp-block-gallery has-nested-images columns-default is-cropped wp-block-gallery-1 is-layout-flex wp-block-gallery-is-layout-flex\">\n<figure class=\"wp-block-image size-large\"><img loading=\"lazy\" decoding=\"async\" width=\"1024\" height=\"1024\" data-id=\"14447\" src=\"https:\/\/sim.unemi.edu.ec\/wp-content\/uploads\/2025\/04\/Post-Noticias-U-news-23-abril-2025-1-1024x1024.png\" alt=\"\" class=\"wp-image-14447\"\/><\/figure>\n<\/figure>\n\n\n\n<p>Despu\u00e9s de un pontificado marcado por la cercan\u00eda pastoral y la reforma, la elecci\u00f3n del pr\u00f3ximo papa definir\u00e1 no solo qui\u00e9n ocupar\u00e1 el trono de San Pedro, sino tambi\u00e9n la direcci\u00f3n espiritual y pol\u00edtica de m\u00e1s de mil millones de cat\u00f3licos en el mundo.<\/p>\n\n\n\n<p>La lista de los llamados papables est\u00e1 encabezada por doce figuras clave, con representaci\u00f3n de Europa, Asia, \u00c1frica y Am\u00e9rica.<\/p>\n\n\n\n<p>Considerando que pueden ser candidatos solo si son menores de 80 a\u00f1os:<\/p>\n\n\n\n<p>Pietro Parolin (Italia)<br>Moderado, diplom\u00e1tico. Favorito del consenso.<\/p>\n\n\n\n<p>Matteo Zuppi (Italia )<br>Progresista social. Enfocado en migrantes, inclusi\u00f3n y periferias.<\/p>\n\n\n\n<p>Luis Antonio Tagle (Filipinas)<br>Conservador doctrinal, pastoralmente abierto.<\/p>\n\n\n\n<p>Jean-Marc Aveline (Francia)<br>Progresista. Defensor del di\u00e1logo interreligioso y las migraciones.<\/p>\n\n\n\n<p>Pierbattista Pizzaballa (Italia)<br>Ambiguo ideol\u00f3gicamente.<\/p>\n\n\n\n<p>P\u00e9ter Erd\u00f6 (Hungr\u00eda)<br>Conservador f\u00e9rreo. Contra el celibato y uniones homosexuales.<\/p>\n\n\n\n<p>Anders Arborelius (Suecia)<br>Doctrinalmente r\u00edgido.<\/p>\n\n\n\n<p>Mario Grech (Malta)<br>Moderado-sinodal.<\/p>\n\n\n\n<p>Malcolm Ranjith (Sri Lanka)<br>Conservador lit\u00fargico.<\/p>\n\n\n\n<p>Fridolin Ambongo (Congo)<br>Conservador africano. Cr\u00edtico de bendiciones a uniones homosexuales.<\/p>\n\n\n\n<p>Robert Prevost (EE.UU.)<br>Moderado curial.<\/p>\n\n\n\n<p>Timothy Dolan (EE.UU.)<br>Conservador medi\u00e1tico. Firme en temas como aborto y familia.<\/p>\n\n\n\n<p>El nuevo pont\u00edfice enfrentar\u00e1 desaf\u00edos enormes: la crisis de fe en Europa, las divisiones internas de la Iglesia y la necesidad de conectar con las nuevas generaciones. Su elecci\u00f3n definir\u00e1 el rostro del catolicismo del futuro.<\/p>\n\n\n\n<p class=\"has-small-font-size\"><strong><em>Reportaje de Jessenia Castillo \u2013 Estudiante de la Carrera de Comunicaci\u00f3n Social &#8211; UNEMI y practicante del Sistema Integrado de Medios SIM.<\/em><\/strong><\/p>\n","protected":false},"excerpt":{"rendered":"<p>Despu\u00e9s de un pontificado marcado por la cercan\u00eda pastoral y la reforma, la elecci\u00f3n del pr\u00f3ximo papa definir\u00e1 no solo qui\u00e9n ocupar\u00e1 el trono de San Pedro, sino tambi\u00e9n la direcci\u00f3n espiritual y pol\u00edtica de m\u00e1s de mil millones de cat\u00f3licos en el mundo. La lista de los llamados papables est\u00e1 encabezada por doce figuras [&hellip;]<\/p>\n","protected":false},"author":3,"featured_media":14447,"comment_status":"open","ping_status":"open","sticky":false,"template":"","format":"standard","meta":{"footnotes":""},"categories":[80],"tags":[118,112,119,110],"class_list":["post-14446","post","type-post","status-publish","format-standard","has-post-thumbnail","hentry","category-noticias_institucionales","tag-breakingnews","tag-sim-2","tag-sucesordelpapafrancisco","tag-unemi-2"],"_links":{"self":[{"href":"https:\/\/sim.unemi.edu.ec\/index.php\/wp-json\/wp\/v2\/posts\/14446","targetHints":{"allow":["GET"]}}],"collection":[{"href":"https:\/\/sim.unemi.edu.ec\/index.php\/wp-json\/wp\/v2\/posts"}],"about":[{"href":"https:\/\/sim.unemi.edu.ec\/index.php\/wp-json\/wp\/v2\/types\/post"}],"author":[{"embeddable":true,"href":"https:\/\/sim.unemi.edu.ec\/index.php\/wp-json\/wp\/v2\/users\/3"}],"replies":[{"embeddable":true,"href":"https:\/\/sim.unemi.edu.ec\/index.php\/wp-json\/wp\/v2\/comments?post=14446"}],"version-history":[{"count":3,"href":"https:\/\/sim.unemi.edu.ec\/index.php\/wp-json\/wp\/v2\/posts\/14446\/revisions"}],"predecessor-version":[{"id":14451,"href":"https:\/\/sim.unemi.edu.ec\/index.php\/wp-json\/wp\/v2\/posts\/14446\/revisions\/14451"}],"wp:featuredmedia":[{"embeddable":true,"href":"https:\/\/sim.unemi.edu.ec\/index.php\/wp-json\/wp\/v2\/media\/14447"}],"wp:attachment":[{"href":"https:\/\/sim.unemi.edu.ec\/index.php\/wp-json\/wp\/v2\/media?parent=14446"}],"wp:term":[{"taxonomy":"category","embeddable":true,"href":"https:\/\/sim.unemi.edu.ec\/index.php\/wp-json\/wp\/v2\/categories?post=14446"},{"taxonomy":"post_tag","embeddable":true,"href":"https:\/\/sim.unemi.edu.ec\/index.php\/wp-json\/wp\/v2\/tags?post=14446"}],"curies":[{"name":"wp","href":"https:\/\/api.w.org\/{rel}","templated":true}]}}