{"id":14493,"date":"2025-10-28T10:48:09","date_gmt":"2025-10-28T15:48:09","guid":{"rendered":"https:\/\/sim.unemi.edu.ec\/?p=14493"},"modified":"2025-10-29T11:51:00","modified_gmt":"2025-10-29T16:51:00","slug":"inversion-publica-cae-y-refleja-freno-economico-en-ecuador","status":"publish","type":"post","link":"https:\/\/sim.unemi.edu.ec\/index.php\/2025\/10\/28\/inversion-publica-cae-y-refleja-freno-economico-en-ecuador\/","title":{"rendered":"Inversi\u00f3n p\u00fablica cae y refleja freno econ\u00f3mico en Ecuador"},"content":{"rendered":"\n<figure class=\"wp-block-image size-large\"><img loading=\"lazy\" decoding=\"async\" width=\"819\" height=\"1024\" src=\"https:\/\/sim.unemi.edu.ec\/wp-content\/uploads\/2025\/10\/Post-Noticias-U-news-28-octubre-2025-4-819x1024.jpg\" alt=\"\" class=\"wp-image-14494\"\/><\/figure>\n\n\n\n<p>La ejecuci\u00f3n del Plan Anual de Inversiones 2025 alcanza apenas el 42 % hasta septiembre, con USD 539 millones invertidos de los 1.278 millones previstos. La baja ejecuci\u00f3n refleja la desaceleraci\u00f3n de la obra p\u00fablica ante la falta de liquidez y la prioridad del gasto corriente.<\/p>\n\n\n\n<p>Economistas advierten que la inversi\u00f3n estatal perdi\u00f3 su papel como motor del crecimiento, mientras el Gobierno proyecta una reducci\u00f3n dr\u00e1stica del presupuesto a solo USD 600 millones para el pr\u00f3ximo a\u00f1o.<\/p>\n\n\n\n<p>Ante el estancamiento, el Ejecutivo plantea alianzas p\u00fablico-privadas y reformas estructurales para reactivar proyectos y empleo.<\/p>\n\n\n\n<p class=\"has-small-font-size\">Autora: Kimberly Cruz &#8211; Practicante del Sistema Integrado de Medios (SIM).<\/p>\n\n\n\n<p><\/p>\n","protected":false},"excerpt":{"rendered":"<p>La ejecuci\u00f3n del Plan Anual de Inversiones 2025 alcanza apenas el 42 % hasta septiembre, con USD 539 millones invertidos de los 1.278 millones previstos. La baja ejecuci\u00f3n refleja la desaceleraci\u00f3n de la obra p\u00fablica ante la falta de liquidez y la prioridad del gasto corriente. Economistas advierten que la inversi\u00f3n estatal perdi\u00f3 su papel [&hellip;]<\/p>\n","protected":false},"author":3,"featured_media":14494,"comment_status":"open","ping_status":"open","sticky":false,"template":"","format":"standard","meta":{"footnotes":""},"categories":[1,81],"tags":[125,124],"class_list":["post-14493","post","type-post","status-publish","format-standard","has-post-thumbnail","hentry","category-nacionales","category-noticias","tag-frenoeconomico","tag-inversionpublica"],"_links":{"self":[{"href":"https:\/\/sim.unemi.edu.ec\/index.php\/wp-json\/wp\/v2\/posts\/14493","targetHints":{"allow":["GET"]}}],"collection":[{"href":"https:\/\/sim.unemi.edu.ec\/index.php\/wp-json\/wp\/v2\/posts"}],"about":[{"href":"https:\/\/sim.unemi.edu.ec\/index.php\/wp-json\/wp\/v2\/types\/post"}],"author":[{"embeddable":true,"href":"https:\/\/sim.unemi.edu.ec\/index.php\/wp-json\/wp\/v2\/users\/3"}],"replies":[{"embeddable":true,"href":"https:\/\/sim.unemi.edu.ec\/index.php\/wp-json\/wp\/v2\/comments?post=14493"}],"version-history":[{"count":1,"href":"https:\/\/sim.unemi.edu.ec\/index.php\/wp-json\/wp\/v2\/posts\/14493\/revisions"}],"predecessor-version":[{"id":14495,"href":"https:\/\/sim.unemi.edu.ec\/index.php\/wp-json\/wp\/v2\/posts\/14493\/revisions\/14495"}],"wp:featuredmedia":[{"embeddable":true,"href":"https:\/\/sim.unemi.edu.ec\/index.php\/wp-json\/wp\/v2\/media\/14494"}],"wp:attachment":[{"href":"https:\/\/sim.unemi.edu.ec\/index.php\/wp-json\/wp\/v2\/media?parent=14493"}],"wp:term":[{"taxonomy":"category","embeddable":true,"href":"https:\/\/sim.unemi.edu.ec\/index.php\/wp-json\/wp\/v2\/categories?post=14493"},{"taxonomy":"post_tag","embeddable":true,"href":"https:\/\/sim.unemi.edu.ec\/index.php\/wp-json\/wp\/v2\/tags?post=14493"}],"curies":[{"name":"wp","href":"https:\/\/api.w.org\/{rel}","templated":true}]}}