{"id":14504,"date":"2025-10-29T09:20:45","date_gmt":"2025-10-29T14:20:45","guid":{"rendered":"https:\/\/sim.unemi.edu.ec\/?p=14504"},"modified":"2025-10-30T09:22:20","modified_gmt":"2025-10-30T14:22:20","slug":"escenas-de-guerra-en-rio-de-janeiro-drones-y-mas-de-130-muertos-en-enfrentamiento","status":"publish","type":"post","link":"https:\/\/sim.unemi.edu.ec\/index.php\/2025\/10\/29\/escenas-de-guerra-en-rio-de-janeiro-drones-y-mas-de-130-muertos-en-enfrentamiento\/","title":{"rendered":"Escenas de guerra en R\u00edo de Janeiro: drones y m\u00e1s de 130 muertos en enfrentamiento."},"content":{"rendered":"\n<figure class=\"wp-block-image size-large\"><img loading=\"lazy\" decoding=\"async\" width=\"819\" height=\"1024\" src=\"https:\/\/sim.unemi.edu.ec\/wp-content\/uploads\/2025\/10\/Post-Noticias-U-news-29-octubre-2025-1-819x1024.jpg\" alt=\"\" class=\"wp-image-14506\"\/><\/figure>\n\n\n\n<p>Las autoridades del estado de R\u00edo de Janeiro desplegaron una operaci\u00f3n masiva para frenar la expansi\u00f3n territorial del grupo criminal Comando Vermelho, en la zona norte de la ciudad. Participaron m\u00e1s de 2.500 agentes, entre polic\u00edas civiles y militares, en lo que se considera uno de los operativos m\u00e1s grandes de la historia local.<\/p>\n\n\n\n<p>Durante los enfrentamientos, los delincuentes respondieron con ataques poco comunes en este tipo de operativos: lanzaron proyectiles desde drones hacia las fuerzas de seguridad, incendiaron barricadas y generaron una atm\u00f3sfera de guerra urbana en barrios densamente poblados.<\/p>\n\n\n\n<p>Hasta el momento, se reportan al menos 130 personas muertas, incluyendo 4 polic\u00edas, y 81 detenidos, junto con la incautaci\u00f3n de decenas de armas de alto calibre y fusiles.<\/p>\n\n\n\n<p>El gobernador del estado calific\u00f3 el episodio como \u201cuna guerra que ya no es solo urbana\u201d, e hizo un llamado al Gobierno federal para que aporte recursos militares, inteligencia y apoyo log\u00edstico inmediato.<br>Este operativo pone de relieve el creciente desaf\u00edo que representa el crimen organizado en zonas urbanas de Brasil, donde la tecnolog\u00eda, como drones armados, plantea nuevos escenarios de riesgo para la seguridad p\u00fablica.<\/p>\n\n\n\n<p>Las autoridades advierten que la situaci\u00f3n podr\u00eda prolongarse y afectar a\u00fan m\u00e1s el tr\u00e1nsito, el transporte p\u00fablico y la vida cotidiana en la regi\u00f3n, por lo que se pide a los ciudadanos mantenerse informados a trav\u00e9s de canales oficiales.<\/p>\n\n\n\n<p class=\"has-small-font-size\">Autora: Merlin Sanchez, practicante del Sistema Integrado de Medios (SIM).<\/p>\n","protected":false},"excerpt":{"rendered":"<p>Las autoridades del estado de R\u00edo de Janeiro desplegaron una operaci\u00f3n masiva para frenar la expansi\u00f3n territorial del grupo criminal Comando Vermelho, en la zona norte de la ciudad. Participaron m\u00e1s de 2.500 agentes, entre polic\u00edas civiles y militares, en lo que se considera uno de los operativos m\u00e1s grandes de la historia local. Durante [&hellip;]<\/p>\n","protected":false},"author":3,"featured_media":14506,"comment_status":"open","ping_status":"open","sticky":false,"template":"","format":"standard","meta":{"footnotes":""},"categories":[129,81],"tags":[131,132],"class_list":["post-14504","post","type-post","status-publish","format-standard","has-post-thumbnail","hentry","category-internacionales","category-noticias","tag-operativo","tag-riodejaneiro"],"_links":{"self":[{"href":"https:\/\/sim.unemi.edu.ec\/index.php\/wp-json\/wp\/v2\/posts\/14504","targetHints":{"allow":["GET"]}}],"collection":[{"href":"https:\/\/sim.unemi.edu.ec\/index.php\/wp-json\/wp\/v2\/posts"}],"about":[{"href":"https:\/\/sim.unemi.edu.ec\/index.php\/wp-json\/wp\/v2\/types\/post"}],"author":[{"embeddable":true,"href":"https:\/\/sim.unemi.edu.ec\/index.php\/wp-json\/wp\/v2\/users\/3"}],"replies":[{"embeddable":true,"href":"https:\/\/sim.unemi.edu.ec\/index.php\/wp-json\/wp\/v2\/comments?post=14504"}],"version-history":[{"count":1,"href":"https:\/\/sim.unemi.edu.ec\/index.php\/wp-json\/wp\/v2\/posts\/14504\/revisions"}],"predecessor-version":[{"id":14507,"href":"https:\/\/sim.unemi.edu.ec\/index.php\/wp-json\/wp\/v2\/posts\/14504\/revisions\/14507"}],"wp:featuredmedia":[{"embeddable":true,"href":"https:\/\/sim.unemi.edu.ec\/index.php\/wp-json\/wp\/v2\/media\/14506"}],"wp:attachment":[{"href":"https:\/\/sim.unemi.edu.ec\/index.php\/wp-json\/wp\/v2\/media?parent=14504"}],"wp:term":[{"taxonomy":"category","embeddable":true,"href":"https:\/\/sim.unemi.edu.ec\/index.php\/wp-json\/wp\/v2\/categories?post=14504"},{"taxonomy":"post_tag","embeddable":true,"href":"https:\/\/sim.unemi.edu.ec\/index.php\/wp-json\/wp\/v2\/tags?post=14504"}],"curies":[{"name":"wp","href":"https:\/\/api.w.org\/{rel}","templated":true}]}}