{"id":14508,"date":"2025-10-29T10:12:13","date_gmt":"2025-10-29T15:12:13","guid":{"rendered":"https:\/\/sim.unemi.edu.ec\/?p=14508"},"modified":"2025-10-30T10:21:26","modified_gmt":"2025-10-30T15:21:26","slug":"mas-de-2-000-muertos-en-ataques-de-las-far-en-sudan","status":"publish","type":"post","link":"https:\/\/sim.unemi.edu.ec\/index.php\/2025\/10\/29\/mas-de-2-000-muertos-en-ataques-de-las-far-en-sudan\/","title":{"rendered":"M\u00e1s de 2.000 muertos en ataques de las FAR en Sud\u00e1n"},"content":{"rendered":"\n<figure class=\"wp-block-image size-large\"><img loading=\"lazy\" decoding=\"async\" width=\"819\" height=\"1024\" src=\"https:\/\/sim.unemi.edu.ec\/wp-content\/uploads\/2025\/10\/Post-Noticias-U-news-29-octubre-2025-2-819x1024.jpg\" alt=\"\" class=\"wp-image-14509\"\/><\/figure>\n\n\n\n<p>Las fuerzas regulares sudanesas, en \u00c1frica, acusan a los paramilitares de las Fuerzas de Apoyo R\u00e1pido (FAR) de haber ejecutado a m\u00e1s de dos mil civiles desarmados, durante apenas dos d\u00edas de incursi\u00f3n violenta.<\/p>\n\n\n\n<p>La ofensiva, dicen, incluy\u00f3 bombardeos indiscriminados, ejecuciones sumarias y ataques dirigidos contra mujeres, ni\u00f1os y ancianos. Las fuerzas del ej\u00e9rcito sudan\u00e9s se\u00f1alan que el avance de los paramilitares fue tan r\u00e1pido que muchos barrios quedaron desprotegidos.<\/p>\n\n\n\n<p>El control de El Fasher, valor estrat\u00e9gico por ser el \u00faltimo basti\u00f3n del ej\u00e9rcito en Darfur, habr\u00eda sido reclamado por las FAR, marcando lo que muchos consideran un punto de quiebre en la batalla por esa regi\u00f3n.<\/p>\n\n\n\n<p>Organismos de derechos humanos advierten del riesgo de una cat\u00e1strofe humanitaria: cientos de miles podr\u00edan quedar atrapados sin alimentos, agua ni atenci\u00f3n m\u00e9dica. Los accesos humanitarios est\u00e1n siendo obstruidos por los combates y el caos imperante.<\/p>\n\n\n\n<p>Mientras tanto, el Comit\u00e9 de Resistencia de Sud\u00e1n afirma que la ciudad ha recibido m\u00e1s de 267 ataques dirigidos por las FAR, con apoyo de milicias aliadas, que han arrasado zonas civiles y bloqueado rutas seguras.<\/p>\n\n\n\n<p>El mundo observa con alarma. Se exige un alto inmediato al fuego, apertura de corredores humanitarios seguros y una investigaci\u00f3n independiente sobre las denuncias de masacres. De no mediar una acci\u00f3n urgente, esta fase del conflicto podr\u00eda sellar el destino de miles de inocentes atrapados entre balas y escombros.<\/p>\n\n\n\n<p class=\"has-small-font-size\">Autora: Janeth Navarrete \u2013 Practicante del Sistema Integrado de Medios (SIM).<\/p>\n","protected":false},"excerpt":{"rendered":"<p>Las fuerzas regulares sudanesas, en \u00c1frica, acusan a los paramilitares de las Fuerzas de Apoyo R\u00e1pido (FAR) de haber ejecutado a m\u00e1s de dos mil civiles desarmados, durante apenas dos d\u00edas de incursi\u00f3n violenta. La ofensiva, dicen, incluy\u00f3 bombardeos indiscriminados, ejecuciones sumarias y ataques dirigidos contra mujeres, ni\u00f1os y ancianos. Las fuerzas del ej\u00e9rcito sudan\u00e9s [&hellip;]<\/p>\n","protected":false},"author":3,"featured_media":14509,"comment_status":"open","ping_status":"open","sticky":false,"template":"","format":"standard","meta":{"footnotes":""},"categories":[129,81],"tags":[134,136,135],"class_list":["post-14508","post","type-post","status-publish","format-standard","has-post-thumbnail","hentry","category-internacionales","category-noticias","tag-ataquesdelasfar","tag-catastorfehumanitaria","tag-sudan-2"],"_links":{"self":[{"href":"https:\/\/sim.unemi.edu.ec\/index.php\/wp-json\/wp\/v2\/posts\/14508","targetHints":{"allow":["GET"]}}],"collection":[{"href":"https:\/\/sim.unemi.edu.ec\/index.php\/wp-json\/wp\/v2\/posts"}],"about":[{"href":"https:\/\/sim.unemi.edu.ec\/index.php\/wp-json\/wp\/v2\/types\/post"}],"author":[{"embeddable":true,"href":"https:\/\/sim.unemi.edu.ec\/index.php\/wp-json\/wp\/v2\/users\/3"}],"replies":[{"embeddable":true,"href":"https:\/\/sim.unemi.edu.ec\/index.php\/wp-json\/wp\/v2\/comments?post=14508"}],"version-history":[{"count":1,"href":"https:\/\/sim.unemi.edu.ec\/index.php\/wp-json\/wp\/v2\/posts\/14508\/revisions"}],"predecessor-version":[{"id":14510,"href":"https:\/\/sim.unemi.edu.ec\/index.php\/wp-json\/wp\/v2\/posts\/14508\/revisions\/14510"}],"wp:featuredmedia":[{"embeddable":true,"href":"https:\/\/sim.unemi.edu.ec\/index.php\/wp-json\/wp\/v2\/media\/14509"}],"wp:attachment":[{"href":"https:\/\/sim.unemi.edu.ec\/index.php\/wp-json\/wp\/v2\/media?parent=14508"}],"wp:term":[{"taxonomy":"category","embeddable":true,"href":"https:\/\/sim.unemi.edu.ec\/index.php\/wp-json\/wp\/v2\/categories?post=14508"},{"taxonomy":"post_tag","embeddable":true,"href":"https:\/\/sim.unemi.edu.ec\/index.php\/wp-json\/wp\/v2\/tags?post=14508"}],"curies":[{"name":"wp","href":"https:\/\/api.w.org\/{rel}","templated":true}]}}