{"id":14516,"date":"2025-10-29T11:33:17","date_gmt":"2025-10-29T16:33:17","guid":{"rendered":"https:\/\/sim.unemi.edu.ec\/?p=14516"},"modified":"2025-10-30T11:35:54","modified_gmt":"2025-10-30T16:35:54","slug":"la-magia-de-cuenca-atraera-a-mas-de-280-000-turistas-durante-el-feriado","status":"publish","type":"post","link":"https:\/\/sim.unemi.edu.ec\/index.php\/2025\/10\/29\/la-magia-de-cuenca-atraera-a-mas-de-280-000-turistas-durante-el-feriado\/","title":{"rendered":"La magia de Cuenca atraer\u00e1 a m\u00e1s de 280.000 turistas durante el feriado"},"content":{"rendered":"\n<figure class=\"wp-block-image size-large\"><img loading=\"lazy\" decoding=\"async\" width=\"819\" height=\"1024\" src=\"https:\/\/sim.unemi.edu.ec\/wp-content\/uploads\/2025\/10\/Post-Noticias-U-news-29-octubre-2025-4-819x1024.jpg\" alt=\"\" class=\"wp-image-14517\"\/><\/figure>\n\n\n\n<p>Cuenca, reconocida por su riqueza cultural, su arquitectura patrimonial y su gastronom\u00eda tradicional, se alista para recibir un importante flujo de turistas nacionales y extranjeros durante el pr\u00f3ximo feriado.<\/p>\n\n\n\n<p>Seg\u00fan proyecciones de la Fundaci\u00f3n Municipal de Turismo, se espera una afluencia superior a las 280.000 personas, con una ocupaci\u00f3n hotelera que podr\u00eda alcanzar el 98 %.<\/p>\n\n\n\n<p>El alcalde y representantes del sector tur\u00edstico se\u00f1alaron que el incremento de visitantes se debe a la variada agenda cultural y art\u00edstica preparada para estos d\u00edas, que incluye ferias gastron\u00f3micas, recorridos patrimoniales, conciertos y actividades al aire libre en el Parque Nacional Cajas y otros atractivos naturales.<\/p>\n\n\n\n<p>Los hoteles y establecimientos de alojamiento reportan ya un alto nivel de reservas, especialmente en el centro hist\u00f3rico y en las zonas rurales cercanas. Los operadores tur\u00edsticos, por su parte, han reforzado sus servicios para atender la demanda, mientras que las autoridades han dispuesto operativos especiales de seguridad, movilidad y limpieza.<\/p>\n\n\n\n<p>Con esta proyecci\u00f3n, Cuenca se posiciona una vez m\u00e1s como uno de los destinos preferidos del Ecuador, combinando historia, cultura y naturaleza en un entorno que cada vez atrae a m\u00e1s visitantes.<\/p>\n\n\n\n<p class=\"has-small-font-size\">Autor: Bryan Zambrano &#8211; Practicante del Sistema de Medios (SIM).<\/p>\n\n\n\n<p><\/p>\n","protected":false},"excerpt":{"rendered":"<p>Cuenca, reconocida por su riqueza cultural, su arquitectura patrimonial y su gastronom\u00eda tradicional, se alista para recibir un importante flujo de turistas nacionales y extranjeros durante el pr\u00f3ximo feriado. Seg\u00fan proyecciones de la Fundaci\u00f3n Municipal de Turismo, se espera una afluencia superior a las 280.000 personas, con una ocupaci\u00f3n hotelera que podr\u00eda alcanzar el 98 [&hellip;]<\/p>\n","protected":false},"author":3,"featured_media":14517,"comment_status":"open","ping_status":"open","sticky":false,"template":"","format":"standard","meta":{"footnotes":""},"categories":[1,81],"tags":[142,143,141,144],"class_list":["post-14516","post","type-post","status-publish","format-standard","has-post-thumbnail","hentry","category-nacionales","category-noticias","tag-cuenca","tag-feriado","tag-turismo","tag-turistas"],"_links":{"self":[{"href":"https:\/\/sim.unemi.edu.ec\/index.php\/wp-json\/wp\/v2\/posts\/14516","targetHints":{"allow":["GET"]}}],"collection":[{"href":"https:\/\/sim.unemi.edu.ec\/index.php\/wp-json\/wp\/v2\/posts"}],"about":[{"href":"https:\/\/sim.unemi.edu.ec\/index.php\/wp-json\/wp\/v2\/types\/post"}],"author":[{"embeddable":true,"href":"https:\/\/sim.unemi.edu.ec\/index.php\/wp-json\/wp\/v2\/users\/3"}],"replies":[{"embeddable":true,"href":"https:\/\/sim.unemi.edu.ec\/index.php\/wp-json\/wp\/v2\/comments?post=14516"}],"version-history":[{"count":1,"href":"https:\/\/sim.unemi.edu.ec\/index.php\/wp-json\/wp\/v2\/posts\/14516\/revisions"}],"predecessor-version":[{"id":14518,"href":"https:\/\/sim.unemi.edu.ec\/index.php\/wp-json\/wp\/v2\/posts\/14516\/revisions\/14518"}],"wp:featuredmedia":[{"embeddable":true,"href":"https:\/\/sim.unemi.edu.ec\/index.php\/wp-json\/wp\/v2\/media\/14517"}],"wp:attachment":[{"href":"https:\/\/sim.unemi.edu.ec\/index.php\/wp-json\/wp\/v2\/media?parent=14516"}],"wp:term":[{"taxonomy":"category","embeddable":true,"href":"https:\/\/sim.unemi.edu.ec\/index.php\/wp-json\/wp\/v2\/categories?post=14516"},{"taxonomy":"post_tag","embeddable":true,"href":"https:\/\/sim.unemi.edu.ec\/index.php\/wp-json\/wp\/v2\/tags?post=14516"}],"curies":[{"name":"wp","href":"https:\/\/api.w.org\/{rel}","templated":true}]}}