{"id":14520,"date":"2025-10-30T09:13:50","date_gmt":"2025-10-30T14:13:50","guid":{"rendered":"https:\/\/sim.unemi.edu.ec\/?p=14520"},"modified":"2025-10-31T09:14:11","modified_gmt":"2025-10-31T14:14:11","slug":"ecuador-enfrenta-un-aumento-del-36-en-homicidios-durante-2025","status":"publish","type":"post","link":"https:\/\/sim.unemi.edu.ec\/index.php\/2025\/10\/30\/ecuador-enfrenta-un-aumento-del-36-en-homicidios-durante-2025\/","title":{"rendered":"Ecuador enfrenta un aumento del 36 % en homicidios durante 2025"},"content":{"rendered":"\n<figure class=\"wp-block-image size-large\"><img loading=\"lazy\" decoding=\"async\" width=\"819\" height=\"1024\" src=\"https:\/\/sim.unemi.edu.ec\/wp-content\/uploads\/2025\/10\/Post-Noticias-U-news-30-octubre-2025-1-819x1024.jpg\" alt=\"\" class=\"wp-image-14521\"\/><\/figure>\n\n\n\n<p>Ecuador atraviesa una de las crisis de seguridad m\u00e1s graves de su historia reciente. Entre enero y septiembre de 2025 se registraron 6.797 homicidios intencionales, lo que representa un aumento del 36 % en comparaci\u00f3n con el mismo per\u00edodo del a\u00f1o anterior. Estas cifras posicionan a 2025 como el a\u00f1o m\u00e1s violento desde que existen registros oficiales del Ministerio del Interior.<\/p>\n\n\n\n<p>A pesar de los continuos estados de excepci\u00f3n decretados por el Gobierno, la violencia no muestra signos de disminuci\u00f3n. Provincias como Guayas, Manab\u00ed, Los R\u00edos y El Oro, donde se ha reforzado el control militar, siguen encabezando la lista con las tasas m\u00e1s altas de homicidios por cada 100 mil habitantes. Adem\u00e1s, se observa un preocupante desplazamiento del crimen hacia zonas que antes manten\u00edan niveles bajos de violencia, como Cotopaxi y Pastaza.<\/p>\n\n\n\n<p>Los repetidos estados de excepci\u00f3n al menos 16 desde noviembre de 2023 han demostrado un efecto limitado y temporal, mientras que las organizaciones criminales contin\u00faan adapt\u00e1ndose y expandiendo su influencia. La persistencia del problema evidencia que el uso de la fuerza p\u00fablica, por s\u00ed solo, no garantiza resultados sostenibles.<\/p>\n\n\n\n<p>Expertos indican que el incremento de la violencia est\u00e1 ligado a factores estructurales como la pobreza, el desempleo, la falta de oportunidades para los j\u00f3venes, el tr\u00e1fico de armas y la debilidad del sistema judicial. Tambi\u00e9n se registra un aumento preocupante en los homicidios de ni\u00f1os, adolescentes y j\u00f3venes, con el uso de armas de fuego como principal causa.<\/p>\n\n\n\n<p>Ante este panorama, indican, se hace urgente pasar del estado de excepci\u00f3n a un estado de estrategia, siendo necesario fortalecer la inteligencia policial y criminal, mejorar el seguimiento financiero y judicial de las redes del narcotr\u00e1fico, y complementar las acciones de control con pol\u00edticas de prevenci\u00f3n social que involucren a las comunidades m\u00e1s vulnerables.<\/p>\n\n\n\n<p class=\"has-small-font-size\">Autora: Nicole Narea Marcillo &#8211; Practicante del Sistema Integrado de Medios (SIM).<\/p>\n","protected":false},"excerpt":{"rendered":"<p>Ecuador atraviesa una de las crisis de seguridad m\u00e1s graves de su historia reciente. Entre enero y septiembre de 2025 se registraron 6.797 homicidios intencionales, lo que representa un aumento del 36 % en comparaci\u00f3n con el mismo per\u00edodo del a\u00f1o anterior. Estas cifras posicionan a 2025 como el a\u00f1o m\u00e1s violento desde que existen [&hellip;]<\/p>\n","protected":false},"author":3,"featured_media":14521,"comment_status":"open","ping_status":"open","sticky":false,"template":"","format":"standard","meta":{"footnotes":""},"categories":[1,81],"tags":[147,145,146],"class_list":["post-14520","post","type-post","status-publish","format-standard","has-post-thumbnail","hentry","category-nacionales","category-noticias","tag-crisisdeseguridad","tag-homicidios","tag-violencia"],"_links":{"self":[{"href":"https:\/\/sim.unemi.edu.ec\/index.php\/wp-json\/wp\/v2\/posts\/14520","targetHints":{"allow":["GET"]}}],"collection":[{"href":"https:\/\/sim.unemi.edu.ec\/index.php\/wp-json\/wp\/v2\/posts"}],"about":[{"href":"https:\/\/sim.unemi.edu.ec\/index.php\/wp-json\/wp\/v2\/types\/post"}],"author":[{"embeddable":true,"href":"https:\/\/sim.unemi.edu.ec\/index.php\/wp-json\/wp\/v2\/users\/3"}],"replies":[{"embeddable":true,"href":"https:\/\/sim.unemi.edu.ec\/index.php\/wp-json\/wp\/v2\/comments?post=14520"}],"version-history":[{"count":1,"href":"https:\/\/sim.unemi.edu.ec\/index.php\/wp-json\/wp\/v2\/posts\/14520\/revisions"}],"predecessor-version":[{"id":14522,"href":"https:\/\/sim.unemi.edu.ec\/index.php\/wp-json\/wp\/v2\/posts\/14520\/revisions\/14522"}],"wp:featuredmedia":[{"embeddable":true,"href":"https:\/\/sim.unemi.edu.ec\/index.php\/wp-json\/wp\/v2\/media\/14521"}],"wp:attachment":[{"href":"https:\/\/sim.unemi.edu.ec\/index.php\/wp-json\/wp\/v2\/media?parent=14520"}],"wp:term":[{"taxonomy":"category","embeddable":true,"href":"https:\/\/sim.unemi.edu.ec\/index.php\/wp-json\/wp\/v2\/categories?post=14520"},{"taxonomy":"post_tag","embeddable":true,"href":"https:\/\/sim.unemi.edu.ec\/index.php\/wp-json\/wp\/v2\/tags?post=14520"}],"curies":[{"name":"wp","href":"https:\/\/api.w.org\/{rel}","templated":true}]}}