{"id":14543,"date":"2025-11-05T11:43:59","date_gmt":"2025-11-05T16:43:59","guid":{"rendered":"https:\/\/sim.unemi.edu.ec\/?p=14543"},"modified":"2025-11-05T11:45:29","modified_gmt":"2025-11-05T16:45:29","slug":"mexico-ratifica-asilo-a-betssy-chavez-y-rechaza-ruptura-diplomatica-con-peru","status":"publish","type":"post","link":"https:\/\/sim.unemi.edu.ec\/index.php\/2025\/11\/05\/mexico-ratifica-asilo-a-betssy-chavez-y-rechaza-ruptura-diplomatica-con-peru\/","title":{"rendered":"M\u00e9xico ratifica asilo a Betssy Ch\u00e1vez y rechaza ruptura diplom\u00e1tica con Per\u00fa"},"content":{"rendered":"\n<figure class=\"wp-block-image size-large\"><img loading=\"lazy\" decoding=\"async\" width=\"819\" height=\"1024\" src=\"https:\/\/sim.unemi.edu.ec\/wp-content\/uploads\/2025\/11\/Post-Noticias-U-news-5-noviembre-2025-2-819x1024.jpeg\" alt=\"\" class=\"wp-image-14544\"\/><\/figure>\n\n\n\n<p>En un giro diplom\u00e1tico de alta tensi\u00f3n, el gobierno de M\u00e9xico confirm\u00f3 hoy que defendi\u00f3 la concesi\u00f3n de asilo pol\u00edtico a Betssy Ch\u00e1vez -ex primera ministra de Per\u00fa-, y al mismo tiempo rechaz\u00f3 la decisi\u00f3n del gobierno peruano de romper relaciones diplom\u00e1ticas con el pa\u00eds.<\/p>\n\n\n\n<p>La Secretar\u00eda de Relaciones Exteriores de M\u00e9xico sostuvo que el otorgamiento del asilo se realiz\u00f3 \u201cen apego estricto al derecho internacional\u201d, citando la Constituci\u00f3n mexicana, la ley interna sobre asilo pol\u00edtico y la Convenci\u00f3n de Caracas.<\/p>\n\n\n\n<p>Adem\u00e1s, la presidenta mexicana Claudia Sheinbaum declar\u00f3 que la medida peruana de ruptura es \u201cinjustificada\u201d y \u201cdesproporcionada\u201d, y aclar\u00f3 que, aunque las relaciones diplom\u00e1ticas est\u00e1n afectadas, la relaci\u00f3n comercial entre los dos pa\u00edses contin\u00faa activa.<\/p>\n\n\n\n<p>Por su parte, Per\u00fa anunci\u00f3 que los v\u00ednculos diplom\u00e1ticos con M\u00e9xico quedan suspendidos por considerar el asilo otorgado a Ch\u00e1vez como un acto \u201cinamistoso\u201d y una injerencia en sus asuntos internos.<\/p>\n\n\n\n<p>Este episodio marca un nuevo cap\u00edtulo en la ya tensa relaci\u00f3n bilateral entre ambos pa\u00edses y pone de relieve los complejos equilibrios entre pol\u00edtica exterior, asilo diplom\u00e1tico y soberan\u00eda nacional.<\/p>\n\n\n\n<p class=\"has-small-font-size\">Autora: Janeth Navarrete \u2013 Practicante del Sistema Integrado de Medios (SIM).<\/p>\n","protected":false},"excerpt":{"rendered":"<p>En un giro diplom\u00e1tico de alta tensi\u00f3n, el gobierno de M\u00e9xico confirm\u00f3 hoy que defendi\u00f3 la concesi\u00f3n de asilo pol\u00edtico a Betssy Ch\u00e1vez -ex primera ministra de Per\u00fa-, y al mismo tiempo rechaz\u00f3 la decisi\u00f3n del gobierno peruano de romper relaciones diplom\u00e1ticas con el pa\u00eds. La Secretar\u00eda de Relaciones Exteriores de M\u00e9xico sostuvo que el [&hellip;]<\/p>\n","protected":false},"author":3,"featured_media":14544,"comment_status":"open","ping_status":"open","sticky":false,"template":"","format":"standard","meta":{"footnotes":""},"categories":[129,81],"tags":[174,175,171,173],"class_list":["post-14543","post","type-post","status-publish","format-standard","has-post-thumbnail","hentry","category-internacionales","category-noticias","tag-concesiondeasilo","tag-gobierno","tag-mexico","tag-peru"],"_links":{"self":[{"href":"https:\/\/sim.unemi.edu.ec\/index.php\/wp-json\/wp\/v2\/posts\/14543","targetHints":{"allow":["GET"]}}],"collection":[{"href":"https:\/\/sim.unemi.edu.ec\/index.php\/wp-json\/wp\/v2\/posts"}],"about":[{"href":"https:\/\/sim.unemi.edu.ec\/index.php\/wp-json\/wp\/v2\/types\/post"}],"author":[{"embeddable":true,"href":"https:\/\/sim.unemi.edu.ec\/index.php\/wp-json\/wp\/v2\/users\/3"}],"replies":[{"embeddable":true,"href":"https:\/\/sim.unemi.edu.ec\/index.php\/wp-json\/wp\/v2\/comments?post=14543"}],"version-history":[{"count":1,"href":"https:\/\/sim.unemi.edu.ec\/index.php\/wp-json\/wp\/v2\/posts\/14543\/revisions"}],"predecessor-version":[{"id":14545,"href":"https:\/\/sim.unemi.edu.ec\/index.php\/wp-json\/wp\/v2\/posts\/14543\/revisions\/14545"}],"wp:featuredmedia":[{"embeddable":true,"href":"https:\/\/sim.unemi.edu.ec\/index.php\/wp-json\/wp\/v2\/media\/14544"}],"wp:attachment":[{"href":"https:\/\/sim.unemi.edu.ec\/index.php\/wp-json\/wp\/v2\/media?parent=14543"}],"wp:term":[{"taxonomy":"category","embeddable":true,"href":"https:\/\/sim.unemi.edu.ec\/index.php\/wp-json\/wp\/v2\/categories?post=14543"},{"taxonomy":"post_tag","embeddable":true,"href":"https:\/\/sim.unemi.edu.ec\/index.php\/wp-json\/wp\/v2\/tags?post=14543"}],"curies":[{"name":"wp","href":"https:\/\/api.w.org\/{rel}","templated":true}]}}