{"id":14550,"date":"2025-11-07T09:42:28","date_gmt":"2025-11-07T14:42:28","guid":{"rendered":"https:\/\/sim.unemi.edu.ec\/?p=14550"},"modified":"2025-11-11T09:43:01","modified_gmt":"2025-11-11T14:43:01","slug":"polonia-entrena-a-civiles-ante-riesgo-de-guerra","status":"publish","type":"post","link":"https:\/\/sim.unemi.edu.ec\/index.php\/2025\/11\/07\/polonia-entrena-a-civiles-ante-riesgo-de-guerra\/","title":{"rendered":"Polonia entrena a civiles ante riesgo de guerra"},"content":{"rendered":"\n<figure class=\"wp-block-image size-large\"><img loading=\"lazy\" decoding=\"async\" width=\"819\" height=\"1024\" src=\"https:\/\/sim.unemi.edu.ec\/wp-content\/uploads\/2025\/11\/Post-Noticias-U-news-7-noviembre-2025-2-819x1024.jpg\" alt=\"\" class=\"wp-image-14551\"\/><\/figure>\n\n\n\n<p>El ministro de Defensa de Polonia, Wladys\u0142aw Kosiniak-Kamysz, anunci\u00f3 este jueves la implementaci\u00f3n de un programa de entrenamiento militar abierto a toda la poblaci\u00f3n, ante lo que calific\u00f3 como \u201clos momentos m\u00e1s peligrosos desde la Segunda Guerra Mundial\u201d.<\/p>\n\n\n\n<p>El plan, que entrar\u00e1 en vigor el 22 de noviembre, permitir\u00e1 la participaci\u00f3n de alrededor de 400.000 civiles durante el a\u00f1o 2026, e incluir\u00e1 a ciudadanos de todas las edades, desde ni\u00f1os de primaria hasta pensionistas, seg\u00fan explic\u00f3 el ministro durante una rueda de prensa.<\/p>\n\n\n\n<p>Kosiniak-Kamysz enfatiz\u00f3 que esta iniciativa no debe compararse con el servicio militar obligatorio, aclarando que \u201cestos cursos no terminan con un juramento ni con un registro en la lista de reservistas\u201d.<\/p>\n\n\n\n<p>El programa, dise\u00f1ado por el Ministerio de Digitalizaci\u00f3n, se estructurar\u00e1 en cuatro fases de formaci\u00f3n: seguridad, supervivencia, primeros auxilios y ciberseguridad. Los cursos se impartir\u00e1n principalmente durante los fines de semana.<\/p>\n\n\n\n<p>El anuncio se produce en medio de crecientes tensiones en Europa del Este, despu\u00e9s del ataque masivo de Rusia contra Ucrania, hecho que llev\u00f3 a Polonia y a la OTAN a activar sus cazas de defensa a\u00e9rea.<\/p>\n\n\n\n<p>\u201cSe est\u00e1 fraguando una guerra que va m\u00e1s all\u00e1 de nuestras fronteras, con actos de sabotaje en el B\u00e1ltico y batallas en el ciberespacio\u201d, advirti\u00f3 el ministro.<\/p>\n\n\n\n<p class=\"has-small-font-size\">Autora: Kelly De La Cruz Peralta, Practicante del Sistema Integrado de Medios (SIM).<\/p>\n","protected":false},"excerpt":{"rendered":"<p>El ministro de Defensa de Polonia, Wladys\u0142aw Kosiniak-Kamysz, anunci\u00f3 este jueves la implementaci\u00f3n de un programa de entrenamiento militar abierto a toda la poblaci\u00f3n, ante lo que calific\u00f3 como \u201clos momentos m\u00e1s peligrosos desde la Segunda Guerra Mundial\u201d. El plan, que entrar\u00e1 en vigor el 22 de noviembre, permitir\u00e1 la participaci\u00f3n de alrededor de 400.000 [&hellip;]<\/p>\n","protected":false},"author":3,"featured_media":14551,"comment_status":"open","ping_status":"open","sticky":false,"template":"","format":"standard","meta":{"footnotes":""},"categories":[129,81],"tags":[180,181,178,179],"class_list":["post-14550","post","type-post","status-publish","format-standard","has-post-thumbnail","hentry","category-internacionales","category-noticias","tag-defensadepolonia","tag-guerramundial","tag-polonia","tag-riesgodeguerra"],"_links":{"self":[{"href":"https:\/\/sim.unemi.edu.ec\/index.php\/wp-json\/wp\/v2\/posts\/14550","targetHints":{"allow":["GET"]}}],"collection":[{"href":"https:\/\/sim.unemi.edu.ec\/index.php\/wp-json\/wp\/v2\/posts"}],"about":[{"href":"https:\/\/sim.unemi.edu.ec\/index.php\/wp-json\/wp\/v2\/types\/post"}],"author":[{"embeddable":true,"href":"https:\/\/sim.unemi.edu.ec\/index.php\/wp-json\/wp\/v2\/users\/3"}],"replies":[{"embeddable":true,"href":"https:\/\/sim.unemi.edu.ec\/index.php\/wp-json\/wp\/v2\/comments?post=14550"}],"version-history":[{"count":1,"href":"https:\/\/sim.unemi.edu.ec\/index.php\/wp-json\/wp\/v2\/posts\/14550\/revisions"}],"predecessor-version":[{"id":14552,"href":"https:\/\/sim.unemi.edu.ec\/index.php\/wp-json\/wp\/v2\/posts\/14550\/revisions\/14552"}],"wp:featuredmedia":[{"embeddable":true,"href":"https:\/\/sim.unemi.edu.ec\/index.php\/wp-json\/wp\/v2\/media\/14551"}],"wp:attachment":[{"href":"https:\/\/sim.unemi.edu.ec\/index.php\/wp-json\/wp\/v2\/media?parent=14550"}],"wp:term":[{"taxonomy":"category","embeddable":true,"href":"https:\/\/sim.unemi.edu.ec\/index.php\/wp-json\/wp\/v2\/categories?post=14550"},{"taxonomy":"post_tag","embeddable":true,"href":"https:\/\/sim.unemi.edu.ec\/index.php\/wp-json\/wp\/v2\/tags?post=14550"}],"curies":[{"name":"wp","href":"https:\/\/api.w.org\/{rel}","templated":true}]}}