{"id":14556,"date":"2025-11-07T09:50:28","date_gmt":"2025-11-07T14:50:28","guid":{"rendered":"https:\/\/sim.unemi.edu.ec\/?p=14556"},"modified":"2025-11-11T09:50:55","modified_gmt":"2025-11-11T14:50:55","slug":"ecuador-reduce-83-los-casos-de-malaria-en-tres-anos","status":"publish","type":"post","link":"https:\/\/sim.unemi.edu.ec\/index.php\/2025\/11\/07\/ecuador-reduce-83-los-casos-de-malaria-en-tres-anos\/","title":{"rendered":"Ecuador reduce 83 % los casos de malaria en tres a\u00f1os"},"content":{"rendered":"\n<figure class=\"wp-block-image size-large\"><img loading=\"lazy\" decoding=\"async\" width=\"819\" height=\"1024\" src=\"https:\/\/sim.unemi.edu.ec\/wp-content\/uploads\/2025\/11\/Post-Noticias-U-news-7-noviembre-2025-4-819x1024.jpg\" alt=\"\" class=\"wp-image-14557\"\/><\/figure>\n\n\n\n<p>El Ministerio de Salud P\u00fablica destac\u00f3 los avances del pa\u00eds en la lucha contra la malaria durante el acto por el D\u00eda Mundial de la Malaria en las Am\u00e9ricas, celebrado en Guayaquil. Autoridades nacionales y organismos internacionales resaltaron la necesidad de mantener la vigilancia para eliminar por completo la transmisi\u00f3n aut\u00f3ctona.<\/p>\n\n\n\n<p>Ecuador logr\u00f3 una reducci\u00f3n del 83 % en los casos propios de malaria entre 2021 y 2024, seg\u00fan datos del Ministerio de Salud P\u00fablica (MSP). El anuncio se realiz\u00f3 durante un evento conmemorativo por el D\u00eda Mundial de la Malaria en las Am\u00e9ricas, que reuni\u00f3 a representantes del MSP, la Organizaci\u00f3n Panamericana de la Salud (OPS) y la Organizaci\u00f3n Mundial de la Salud (OMS) en Guayaquil.<\/p>\n\n\n\n<p>El Gobierno resalt\u00f3 que este avance es resultado de estrategias de vigilancia activa, diagn\u00f3stico y tratamiento oportuno, as\u00ed como de control vectorial focalizado, enmarcadas en la estrategia DTI-R (diagn\u00f3stico, tratamiento, investigaci\u00f3n y respuesta), orientada a interrumpir la transmisi\u00f3n aut\u00f3ctona de esta enfermedad prevenible y curable.<\/p>\n\n\n\n<p class=\"has-small-font-size\">Autora: Maribel Rodr\u00edguez \u2013 Practicante del Sistema Integrado de Medios (SIM).<\/p>\n","protected":false},"excerpt":{"rendered":"<p>El Ministerio de Salud P\u00fablica destac\u00f3 los avances del pa\u00eds en la lucha contra la malaria durante el acto por el D\u00eda Mundial de la Malaria en las Am\u00e9ricas, celebrado en Guayaquil. Autoridades nacionales y organismos internacionales resaltaron la necesidad de mantener la vigilancia para eliminar por completo la transmisi\u00f3n aut\u00f3ctona. Ecuador logr\u00f3 una reducci\u00f3n [&hellip;]<\/p>\n","protected":false},"author":3,"featured_media":14557,"comment_status":"open","ping_status":"open","sticky":false,"template":"","format":"standard","meta":{"footnotes":""},"categories":[1,81],"tags":[188,186,187,151],"class_list":["post-14556","post","type-post","status-publish","format-standard","has-post-thumbnail","hentry","category-nacionales","category-noticias","tag-diamundial","tag-malaria","tag-ministrodesalud","tag-salud"],"_links":{"self":[{"href":"https:\/\/sim.unemi.edu.ec\/index.php\/wp-json\/wp\/v2\/posts\/14556","targetHints":{"allow":["GET"]}}],"collection":[{"href":"https:\/\/sim.unemi.edu.ec\/index.php\/wp-json\/wp\/v2\/posts"}],"about":[{"href":"https:\/\/sim.unemi.edu.ec\/index.php\/wp-json\/wp\/v2\/types\/post"}],"author":[{"embeddable":true,"href":"https:\/\/sim.unemi.edu.ec\/index.php\/wp-json\/wp\/v2\/users\/3"}],"replies":[{"embeddable":true,"href":"https:\/\/sim.unemi.edu.ec\/index.php\/wp-json\/wp\/v2\/comments?post=14556"}],"version-history":[{"count":1,"href":"https:\/\/sim.unemi.edu.ec\/index.php\/wp-json\/wp\/v2\/posts\/14556\/revisions"}],"predecessor-version":[{"id":14558,"href":"https:\/\/sim.unemi.edu.ec\/index.php\/wp-json\/wp\/v2\/posts\/14556\/revisions\/14558"}],"wp:featuredmedia":[{"embeddable":true,"href":"https:\/\/sim.unemi.edu.ec\/index.php\/wp-json\/wp\/v2\/media\/14557"}],"wp:attachment":[{"href":"https:\/\/sim.unemi.edu.ec\/index.php\/wp-json\/wp\/v2\/media?parent=14556"}],"wp:term":[{"taxonomy":"category","embeddable":true,"href":"https:\/\/sim.unemi.edu.ec\/index.php\/wp-json\/wp\/v2\/categories?post=14556"},{"taxonomy":"post_tag","embeddable":true,"href":"https:\/\/sim.unemi.edu.ec\/index.php\/wp-json\/wp\/v2\/tags?post=14556"}],"curies":[{"name":"wp","href":"https:\/\/api.w.org\/{rel}","templated":true}]}}