{"id":14559,"date":"2025-11-06T09:54:54","date_gmt":"2025-11-06T14:54:54","guid":{"rendered":"https:\/\/sim.unemi.edu.ec\/?p=14559"},"modified":"2025-11-11T09:56:48","modified_gmt":"2025-11-11T14:56:48","slug":"noboa-pide-licencia-para-campana-del-referendum","status":"publish","type":"post","link":"https:\/\/sim.unemi.edu.ec\/index.php\/2025\/11\/06\/noboa-pide-licencia-para-campana-del-referendum\/","title":{"rendered":"Noboa pide licencia para campa\u00f1a del refer\u00e9ndum"},"content":{"rendered":"\n<figure class=\"wp-block-image size-large\"><img loading=\"lazy\" decoding=\"async\" width=\"819\" height=\"1024\" src=\"https:\/\/sim.unemi.edu.ec\/wp-content\/uploads\/2025\/11\/Post-Noticias-U-news-6-noviembre-2025-1-819x1024.jpg\" alt=\"\" class=\"wp-image-14560\"\/><\/figure>\n\n\n\n<p>El presidente de la rep\u00fablica, Daniel Noboa, formaliz\u00f3 su solicitud de licencia ante la Asamblea Nacional para participar activamente en la campa\u00f1a del refer\u00e9ndum y consulta popular del pr\u00f3ximo domingo 16 de noviembre de 2025.<\/p>\n\n\n\n<p>En un oficio dirigido a Niels Olsen, presidente del Legislativo, Noboa pidi\u00f3 permiso para ausentarse desde las 00:01 hasta las 19:00 del viernes 7 de noviembre, y nuevamente desde el domingo 9 hasta el jueves 13 de noviembre.<\/p>\n\n\n\n<p>Este pedido se fundamenta en el art\u00edculo 146 de la Constituci\u00f3n de la Rep\u00fablica y el art\u00edculo 42 de la Ley Org\u00e1nica de la Funci\u00f3n Legislativa, que permiten al mandatario ausentarse temporalmente con aprobaci\u00f3n de la Asamblea, requiriendo al menos 77 votos favorables.<\/p>\n\n\n\n<p>El objetivo de la licencia es poder explicar a la ciudadan\u00eda las razones y fundamentos de la consulta sin infringir normas electorales. El Pleno de la Asamblea se reunir\u00e1 el viernes 7 de noviembre a las 16:00 para resolver sobre esta solicitud.<\/p>\n\n\n\n<p>La campa\u00f1a comenz\u00f3 el 1 de noviembre y se extender\u00e1 hasta el 13 de noviembre, periodo en el que las organizaciones podr\u00e1n expresar sus posiciones a favor o en contra de las preguntas formuladas en el refer\u00e9ndum y consulta popular.<\/p>\n\n\n\n<p class=\"has-small-font-size\">Autora: Lisseth Lapo Lanche &#8211; Practicante del Sistema Integrado de Medios (SIM).<\/p>\n","protected":false},"excerpt":{"rendered":"<p>El presidente de la rep\u00fablica, Daniel Noboa, formaliz\u00f3 su solicitud de licencia ante la Asamblea Nacional para participar activamente en la campa\u00f1a del refer\u00e9ndum y consulta popular del pr\u00f3ximo domingo 16 de noviembre de 2025. En un oficio dirigido a Niels Olsen, presidente del Legislativo, Noboa pidi\u00f3 permiso para ausentarse desde las 00:01 hasta las [&hellip;]<\/p>\n","protected":false},"author":3,"featured_media":14560,"comment_status":"open","ping_status":"open","sticky":false,"template":"","format":"standard","meta":{"footnotes":""},"categories":[1,81],"tags":[191,190,164,189],"class_list":["post-14559","post","type-post","status-publish","format-standard","has-post-thumbnail","hentry","category-nacionales","category-noticias","tag-asambleanacional","tag-campana","tag-gobiernonacional","tag-referendum-2"],"_links":{"self":[{"href":"https:\/\/sim.unemi.edu.ec\/index.php\/wp-json\/wp\/v2\/posts\/14559","targetHints":{"allow":["GET"]}}],"collection":[{"href":"https:\/\/sim.unemi.edu.ec\/index.php\/wp-json\/wp\/v2\/posts"}],"about":[{"href":"https:\/\/sim.unemi.edu.ec\/index.php\/wp-json\/wp\/v2\/types\/post"}],"author":[{"embeddable":true,"href":"https:\/\/sim.unemi.edu.ec\/index.php\/wp-json\/wp\/v2\/users\/3"}],"replies":[{"embeddable":true,"href":"https:\/\/sim.unemi.edu.ec\/index.php\/wp-json\/wp\/v2\/comments?post=14559"}],"version-history":[{"count":1,"href":"https:\/\/sim.unemi.edu.ec\/index.php\/wp-json\/wp\/v2\/posts\/14559\/revisions"}],"predecessor-version":[{"id":14561,"href":"https:\/\/sim.unemi.edu.ec\/index.php\/wp-json\/wp\/v2\/posts\/14559\/revisions\/14561"}],"wp:featuredmedia":[{"embeddable":true,"href":"https:\/\/sim.unemi.edu.ec\/index.php\/wp-json\/wp\/v2\/media\/14560"}],"wp:attachment":[{"href":"https:\/\/sim.unemi.edu.ec\/index.php\/wp-json\/wp\/v2\/media?parent=14559"}],"wp:term":[{"taxonomy":"category","embeddable":true,"href":"https:\/\/sim.unemi.edu.ec\/index.php\/wp-json\/wp\/v2\/categories?post=14559"},{"taxonomy":"post_tag","embeddable":true,"href":"https:\/\/sim.unemi.edu.ec\/index.php\/wp-json\/wp\/v2\/tags?post=14559"}],"curies":[{"name":"wp","href":"https:\/\/api.w.org\/{rel}","templated":true}]}}