{"id":14565,"date":"2025-11-06T10:02:53","date_gmt":"2025-11-06T15:02:53","guid":{"rendered":"https:\/\/sim.unemi.edu.ec\/?p=14565"},"modified":"2025-11-11T10:03:15","modified_gmt":"2025-11-11T15:03:15","slug":"barcelona-sc-rechaza-declaraciones-de-andres-guschmer","status":"publish","type":"post","link":"https:\/\/sim.unemi.edu.ec\/index.php\/2025\/11\/06\/barcelona-sc-rechaza-declaraciones-de-andres-guschmer\/","title":{"rendered":"Barcelona SC rechaza declaraciones de Andr\u00e9s Guschmer"},"content":{"rendered":"\n<figure class=\"wp-block-image size-large\"><img loading=\"lazy\" decoding=\"async\" width=\"819\" height=\"1024\" src=\"https:\/\/sim.unemi.edu.ec\/wp-content\/uploads\/2025\/11\/Post-Noticias-U-news-6-noviembre-2025-3-819x1024.jpg\" alt=\"\" class=\"wp-image-14566\"\/><\/figure>\n\n\n\n<p>Barcelona Sporting Club emiti\u00f3 un comunicado oficial rechazando las declaraciones del asamble\u00edsta Andr\u00e9s Guschmer, quien asegur\u00f3 que el alcalde Aquiles \u00c1lvarez toma las decisiones en el club y no su hermano Antonio, presidente de la instituci\u00f3n.<\/p>\n\n\n\n<p>El club calific\u00f3 esas afirmaciones como falsas y pidi\u00f3 a Guschmer que no utilice el nombre de Barcelona para generar repercusi\u00f3n pol\u00edtica o medi\u00e1tica. Adem\u00e1s, lo responsabiliz\u00f3 parcialmente por el dif\u00edcil momento deportivo que atraviesa el equipo.<\/p>\n\n\n\n<p>Con este mensaje, la dirigencia torera busc\u00f3 reforzar su independencia y proteger la imagen del club ante la opini\u00f3n p\u00fablica, resaltando que todas las decisiones se toman dentro de su estructura institucional.<\/p>\n\n\n\n<p>Este hecho se suma a los tres impactos deportivos del d\u00eda y refleja c\u00f3mo el f\u00fatbol ecuatoriano sigue siendo un escenario donde la pol\u00edtica y el deporte se cruzan constantemente.<\/p>\n\n\n\n<p class=\"has-small-font-size\">Autor: Jorge S\u00e1nchez &#8211; Practicante del Sistema Integrado de Medios (SIM).<\/p>\n","protected":false},"excerpt":{"rendered":"<p>Barcelona Sporting Club emiti\u00f3 un comunicado oficial rechazando las declaraciones del asamble\u00edsta Andr\u00e9s Guschmer, quien asegur\u00f3 que el alcalde Aquiles \u00c1lvarez toma las decisiones en el club y no su hermano Antonio, presidente de la instituci\u00f3n. El club calific\u00f3 esas afirmaciones como falsas y pidi\u00f3 a Guschmer que no utilice el nombre de Barcelona para [&hellip;]<\/p>\n","protected":false},"author":3,"featured_media":14566,"comment_status":"open","ping_status":"open","sticky":false,"template":"","format":"standard","meta":{"footnotes":""},"categories":[1,81],"tags":[196,198,86,197],"class_list":["post-14565","post","type-post","status-publish","format-standard","has-post-thumbnail","hentry","category-nacionales","category-noticias","tag-alcaldia","tag-asamablea","tag-barcelonasc","tag-finespolitico"],"_links":{"self":[{"href":"https:\/\/sim.unemi.edu.ec\/index.php\/wp-json\/wp\/v2\/posts\/14565","targetHints":{"allow":["GET"]}}],"collection":[{"href":"https:\/\/sim.unemi.edu.ec\/index.php\/wp-json\/wp\/v2\/posts"}],"about":[{"href":"https:\/\/sim.unemi.edu.ec\/index.php\/wp-json\/wp\/v2\/types\/post"}],"author":[{"embeddable":true,"href":"https:\/\/sim.unemi.edu.ec\/index.php\/wp-json\/wp\/v2\/users\/3"}],"replies":[{"embeddable":true,"href":"https:\/\/sim.unemi.edu.ec\/index.php\/wp-json\/wp\/v2\/comments?post=14565"}],"version-history":[{"count":1,"href":"https:\/\/sim.unemi.edu.ec\/index.php\/wp-json\/wp\/v2\/posts\/14565\/revisions"}],"predecessor-version":[{"id":14567,"href":"https:\/\/sim.unemi.edu.ec\/index.php\/wp-json\/wp\/v2\/posts\/14565\/revisions\/14567"}],"wp:featuredmedia":[{"embeddable":true,"href":"https:\/\/sim.unemi.edu.ec\/index.php\/wp-json\/wp\/v2\/media\/14566"}],"wp:attachment":[{"href":"https:\/\/sim.unemi.edu.ec\/index.php\/wp-json\/wp\/v2\/media?parent=14565"}],"wp:term":[{"taxonomy":"category","embeddable":true,"href":"https:\/\/sim.unemi.edu.ec\/index.php\/wp-json\/wp\/v2\/categories?post=14565"},{"taxonomy":"post_tag","embeddable":true,"href":"https:\/\/sim.unemi.edu.ec\/index.php\/wp-json\/wp\/v2\/tags?post=14565"}],"curies":[{"name":"wp","href":"https:\/\/api.w.org\/{rel}","templated":true}]}}