{"id":14568,"date":"2025-11-06T10:07:35","date_gmt":"2025-11-06T15:07:35","guid":{"rendered":"https:\/\/sim.unemi.edu.ec\/?p=14568"},"modified":"2025-11-11T10:07:51","modified_gmt":"2025-11-11T15:07:51","slug":"condenan-a-enfermero-en-alemania-por-asesinar-a-10-pacientes-para-reducir-su-carga-de-trabajo","status":"publish","type":"post","link":"https:\/\/sim.unemi.edu.ec\/index.php\/2025\/11\/06\/condenan-a-enfermero-en-alemania-por-asesinar-a-10-pacientes-para-reducir-su-carga-de-trabajo\/","title":{"rendered":"Condenan a enfermero en Alemania por asesinar a 10 pacientes para reducir su carga de trabajo"},"content":{"rendered":"\n<figure class=\"wp-block-image size-large\"><img loading=\"lazy\" decoding=\"async\" width=\"819\" height=\"1024\" src=\"https:\/\/sim.unemi.edu.ec\/wp-content\/uploads\/2025\/11\/Post-Noticias-U-news-6-noviembre-2025-4-819x1024.jpg\" alt=\"\" class=\"wp-image-14569\"\/><\/figure>\n\n\n\n<p>Un enfermero de cuidados paliativos fue condenado a cadena perpetua este mi\u00e9rcoles en Alemania, tras ser declarado culpable del asesinato de 10 pacientes mediante inyecciones letales, as\u00ed como del intento de asesinato de otros 27.<\/p>\n\n\n\n<p>De acuerdo con la informaci\u00f3n publicada por Reuters, los fiscales alemanes se\u00f1alaron que el acusado administraba analg\u00e9sicos y sedantes a pacientes de edad avanzada con el fin de reducir su carga de trabajo nocturna.<\/p>\n\n\n\n<p>El tribunal de Aquisgr\u00e1n, en el oeste del pa\u00eds, calific\u00f3 los delitos como de \u201cparticular gravedad\u201d, lo que implica que el condenado tendr\u00e1 escasas posibilidades de ser liberado tras cumplir los 15 a\u00f1os m\u00ednimos requeridos por la legislaci\u00f3n alemana para las sentencias de prisi\u00f3n perpetua.<\/p>\n\n\n\n<p>Los cr\u00edmenes ocurrieron entre diciembre de 2023 y mayo de 2024 en una cl\u00ednica cercana a la ciudad de Aquisgr\u00e1n. Las autoridades informaron que el veredicto a\u00fan puede ser apelado.<\/p>\n\n\n\n<p>Medios locales indicaron que los investigadores contin\u00faan revisando otros casos sospechosos en la trayectoria profesional del enfermero, lo que podr\u00eda ampliar el n\u00famero de v\u00edctimas.<\/p>\n\n\n\n<p class=\"has-small-font-size\">Autora: Kelly de la Cruz Peralta &#8211; Practicante del Sistema Integrado de Medios (SIM).<\/p>\n","protected":false},"excerpt":{"rendered":"<p>Un enfermero de cuidados paliativos fue condenado a cadena perpetua este mi\u00e9rcoles en Alemania, tras ser declarado culpable del asesinato de 10 pacientes mediante inyecciones letales, as\u00ed como del intento de asesinato de otros 27. De acuerdo con la informaci\u00f3n publicada por Reuters, los fiscales alemanes se\u00f1alaron que el acusado administraba analg\u00e9sicos y sedantes a [&hellip;]<\/p>\n","protected":false},"author":3,"featured_media":14569,"comment_status":"open","ping_status":"open","sticky":false,"template":"","format":"standard","meta":{"footnotes":""},"categories":[129,81],"tags":[200,202,201],"class_list":["post-14568","post","type-post","status-publish","format-standard","has-post-thumbnail","hentry","category-internacionales","category-noticias","tag-alemania","tag-cadenaperpetua","tag-crimen"],"_links":{"self":[{"href":"https:\/\/sim.unemi.edu.ec\/index.php\/wp-json\/wp\/v2\/posts\/14568","targetHints":{"allow":["GET"]}}],"collection":[{"href":"https:\/\/sim.unemi.edu.ec\/index.php\/wp-json\/wp\/v2\/posts"}],"about":[{"href":"https:\/\/sim.unemi.edu.ec\/index.php\/wp-json\/wp\/v2\/types\/post"}],"author":[{"embeddable":true,"href":"https:\/\/sim.unemi.edu.ec\/index.php\/wp-json\/wp\/v2\/users\/3"}],"replies":[{"embeddable":true,"href":"https:\/\/sim.unemi.edu.ec\/index.php\/wp-json\/wp\/v2\/comments?post=14568"}],"version-history":[{"count":1,"href":"https:\/\/sim.unemi.edu.ec\/index.php\/wp-json\/wp\/v2\/posts\/14568\/revisions"}],"predecessor-version":[{"id":14570,"href":"https:\/\/sim.unemi.edu.ec\/index.php\/wp-json\/wp\/v2\/posts\/14568\/revisions\/14570"}],"wp:featuredmedia":[{"embeddable":true,"href":"https:\/\/sim.unemi.edu.ec\/index.php\/wp-json\/wp\/v2\/media\/14569"}],"wp:attachment":[{"href":"https:\/\/sim.unemi.edu.ec\/index.php\/wp-json\/wp\/v2\/media?parent=14568"}],"wp:term":[{"taxonomy":"category","embeddable":true,"href":"https:\/\/sim.unemi.edu.ec\/index.php\/wp-json\/wp\/v2\/categories?post=14568"},{"taxonomy":"post_tag","embeddable":true,"href":"https:\/\/sim.unemi.edu.ec\/index.php\/wp-json\/wp\/v2\/tags?post=14568"}],"curies":[{"name":"wp","href":"https:\/\/api.w.org\/{rel}","templated":true}]}}