{"id":14575,"date":"2025-11-11T09:12:47","date_gmt":"2025-11-11T14:12:47","guid":{"rendered":"https:\/\/sim.unemi.edu.ec\/?p=14575"},"modified":"2025-11-12T09:13:14","modified_gmt":"2025-11-12T14:13:14","slug":"gobierno-y-municipio-discrepan-sobre-calidad-del-agua-en-guayaquil","status":"publish","type":"post","link":"https:\/\/sim.unemi.edu.ec\/index.php\/2025\/11\/11\/gobierno-y-municipio-discrepan-sobre-calidad-del-agua-en-guayaquil\/","title":{"rendered":"Gobierno y Municipio discrepan sobre calidad del agua en Guayaquil"},"content":{"rendered":"\n<figure class=\"wp-block-image size-large\"><img loading=\"lazy\" decoding=\"async\" width=\"819\" height=\"1024\" src=\"https:\/\/sim.unemi.edu.ec\/wp-content\/uploads\/2025\/11\/Post-Noticias-U-news-11-noviembre-2025-1-819x1024.jpg\" alt=\"\" class=\"wp-image-14576\"\/><\/figure>\n\n\n\n<p>El presidente de la Rep\u00fablica, Daniel Noboa, encendi\u00f3 la pol\u00e9mica tras denunciar en su cuenta X una supuesta contaminaci\u00f3n del agua potable en Guayaquil. En su mensaje, el mandatario asegur\u00f3 que la ciudad estar\u00eda consumiendo agua con heces, detergente y metales pesados, acompa\u00f1ando su denuncia con fotograf\u00edas.<\/p>\n\n\n\n<p>Pocas horas despu\u00e9s, el alcalde Aquiles \u00c1lvarez respondi\u00f3 con un video grabado en los mismos puntos, aclarando que las im\u00e1genes mostraban un canal de aguas lluvias, y no las instalaciones donde se potabiliza el agua que llega a los hogares.<\/p>\n\n\n\n<p>El Ministerio de Ambiente intervino en la controversia y confirm\u00f3 que el r\u00edo Daule, fuente principal de captaci\u00f3n, registra niveles de contaminaci\u00f3n hasta 80 veces superiores a los l\u00edmites permitidos.<\/p>\n\n\n\n<p>La cartera de Estado anunci\u00f3 procesos sancionatorios y penales contra Interagua, Emapag y el Municipio de Guayaquil.<\/p>\n\n\n\n<p>Por su parte, Interagua rechaz\u00f3 las acusaciones y afirm\u00f3 que el agua que distribuye cumple con los est\u00e1ndares nacionales e internacionales de calidad.<\/p>\n\n\n\n<p>Mientras tanto, la ciudadan\u00eda espera que los nuevos an\u00e1lisis aclaren la situaci\u00f3n y devuelvan la confianza en el agua potable que consumen a diario.<\/p>\n\n\n\n<p class=\"has-small-font-size\">Autora: Janeth Navarrete &#8211; Practicante del Sistema Integrado de Medios (SIM).<\/p>\n","protected":false},"excerpt":{"rendered":"<p>El presidente de la Rep\u00fablica, Daniel Noboa, encendi\u00f3 la pol\u00e9mica tras denunciar en su cuenta X una supuesta contaminaci\u00f3n del agua potable en Guayaquil. En su mensaje, el mandatario asegur\u00f3 que la ciudad estar\u00eda consumiendo agua con heces, detergente y metales pesados, acompa\u00f1ando su denuncia con fotograf\u00edas. Pocas horas despu\u00e9s, el alcalde Aquiles \u00c1lvarez respondi\u00f3 [&hellip;]<\/p>\n","protected":false},"author":3,"featured_media":14576,"comment_status":"open","ping_status":"open","sticky":false,"template":"","format":"standard","meta":{"footnotes":""},"categories":[1,81],"tags":[206,208,209,207],"class_list":["post-14575","post","type-post","status-publish","format-standard","has-post-thumbnail","hentry","category-nacionales","category-noticias","tag-aguadeguayaquil","tag-contaminacion","tag-denuncia","tag-noboayalvarez"],"_links":{"self":[{"href":"https:\/\/sim.unemi.edu.ec\/index.php\/wp-json\/wp\/v2\/posts\/14575","targetHints":{"allow":["GET"]}}],"collection":[{"href":"https:\/\/sim.unemi.edu.ec\/index.php\/wp-json\/wp\/v2\/posts"}],"about":[{"href":"https:\/\/sim.unemi.edu.ec\/index.php\/wp-json\/wp\/v2\/types\/post"}],"author":[{"embeddable":true,"href":"https:\/\/sim.unemi.edu.ec\/index.php\/wp-json\/wp\/v2\/users\/3"}],"replies":[{"embeddable":true,"href":"https:\/\/sim.unemi.edu.ec\/index.php\/wp-json\/wp\/v2\/comments?post=14575"}],"version-history":[{"count":1,"href":"https:\/\/sim.unemi.edu.ec\/index.php\/wp-json\/wp\/v2\/posts\/14575\/revisions"}],"predecessor-version":[{"id":14577,"href":"https:\/\/sim.unemi.edu.ec\/index.php\/wp-json\/wp\/v2\/posts\/14575\/revisions\/14577"}],"wp:featuredmedia":[{"embeddable":true,"href":"https:\/\/sim.unemi.edu.ec\/index.php\/wp-json\/wp\/v2\/media\/14576"}],"wp:attachment":[{"href":"https:\/\/sim.unemi.edu.ec\/index.php\/wp-json\/wp\/v2\/media?parent=14575"}],"wp:term":[{"taxonomy":"category","embeddable":true,"href":"https:\/\/sim.unemi.edu.ec\/index.php\/wp-json\/wp\/v2\/categories?post=14575"},{"taxonomy":"post_tag","embeddable":true,"href":"https:\/\/sim.unemi.edu.ec\/index.php\/wp-json\/wp\/v2\/tags?post=14575"}],"curies":[{"name":"wp","href":"https:\/\/api.w.org\/{rel}","templated":true}]}}