{"id":14592,"date":"2025-11-10T12:20:38","date_gmt":"2025-11-10T17:20:38","guid":{"rendered":"https:\/\/sim.unemi.edu.ec\/?p=14592"},"modified":"2025-11-13T12:23:23","modified_gmt":"2025-11-13T17:23:23","slug":"ataque-armado-contra-el-alcalde-de-balzar-galo-meza-deja-al-funcionario-herido","status":"publish","type":"post","link":"https:\/\/sim.unemi.edu.ec\/index.php\/2025\/11\/10\/ataque-armado-contra-el-alcalde-de-balzar-galo-meza-deja-al-funcionario-herido\/","title":{"rendered":"Ataque armado contra el alcalde de Balzar, Galo Meza, deja al funcionario herido"},"content":{"rendered":"\n<figure class=\"wp-block-image size-large\"><img loading=\"lazy\" decoding=\"async\" width=\"819\" height=\"1024\" src=\"https:\/\/sim.unemi.edu.ec\/wp-content\/uploads\/2025\/11\/Post-Noticias-U-news-10-noviembre-2025-3-819x1024.jpg\" alt=\"\" class=\"wp-image-14593\"\/><\/figure>\n\n\n\n<p>El alcalde del cant\u00f3n Balzar, Galo Meza, fue v\u00edctima de un ataque armado la noche del domingo 9 de noviembre en la v\u00eda que conecta Balzar con El Empalme. Seg\u00fan informaci\u00f3n preliminar, el hecho ocurri\u00f3 mientras la autoridad se desplazaba en su veh\u00edculo particular, cuando sujetos desconocidos abrieron fuego contra la caravana municipal.<\/p>\n\n\n\n<p>Tras el atentado, Meza fue trasladado de inmediato a una casa de salud cercana, donde recibi\u00f3 atenci\u00f3n m\u00e9dica. Reportes oficiales confirman que el alcalde se encuentra fuera de peligro, aunque sufri\u00f3 heridas en los brazos y piernas. Las autoridades locales y la Polic\u00eda Nacional desplegaron un operativo para identificar a los responsables y esclarecer las circunstancias del ataque.<\/p>\n\n\n\n<p>El hecho ha generado preocupaci\u00f3n entre la ciudadan\u00eda y autoridades de la provincia del Guayas, debido al incremento de hechos violentos que han afectado a varios funcionarios municipales en los \u00faltimos meses.<\/p>\n\n\n\n<p>Diversos representantes locales han expresado su solidaridad con el alcalde Meza y han pedido al Gobierno reforzar las medidas de seguridad en la zona. La Polic\u00eda y la Fiscal\u00eda General del Estado mantienen las investigaciones abiertas para determinar las causas del atentado y dar con los autores materiales e intelectuales.<\/p>\n\n\n\n<p>El Municipio de Balzar reiter\u00f3 su compromiso de continuar con las labores administrativas y proyectos en beneficio de la comunidad, pese a los hechos ocurridos.<\/p>\n\n\n\n<p class=\"has-small-font-size\">Autora: L\u00eddice Morales \u2013 Practicante del Sistema Integrado de Medios (SIM).<\/p>\n","protected":false},"excerpt":{"rendered":"<p>El alcalde del cant\u00f3n Balzar, Galo Meza, fue v\u00edctima de un ataque armado la noche del domingo 9 de noviembre en la v\u00eda que conecta Balzar con El Empalme. Seg\u00fan informaci\u00f3n preliminar, el hecho ocurri\u00f3 mientras la autoridad se desplazaba en su veh\u00edculo particular, cuando sujetos desconocidos abrieron fuego contra la caravana municipal. Tras el [&hellip;]<\/p>\n","protected":false},"author":3,"featured_media":14593,"comment_status":"open","ping_status":"open","sticky":false,"template":"","format":"standard","meta":{"footnotes":""},"categories":[1,81],"tags":[222,223,224,221],"class_list":["post-14592","post","type-post","status-publish","format-standard","has-post-thumbnail","hentry","category-nacionales","category-noticias","tag-alcalde","tag-ataquearmado","tag-atentado","tag-balzar"],"_links":{"self":[{"href":"https:\/\/sim.unemi.edu.ec\/index.php\/wp-json\/wp\/v2\/posts\/14592","targetHints":{"allow":["GET"]}}],"collection":[{"href":"https:\/\/sim.unemi.edu.ec\/index.php\/wp-json\/wp\/v2\/posts"}],"about":[{"href":"https:\/\/sim.unemi.edu.ec\/index.php\/wp-json\/wp\/v2\/types\/post"}],"author":[{"embeddable":true,"href":"https:\/\/sim.unemi.edu.ec\/index.php\/wp-json\/wp\/v2\/users\/3"}],"replies":[{"embeddable":true,"href":"https:\/\/sim.unemi.edu.ec\/index.php\/wp-json\/wp\/v2\/comments?post=14592"}],"version-history":[{"count":1,"href":"https:\/\/sim.unemi.edu.ec\/index.php\/wp-json\/wp\/v2\/posts\/14592\/revisions"}],"predecessor-version":[{"id":14594,"href":"https:\/\/sim.unemi.edu.ec\/index.php\/wp-json\/wp\/v2\/posts\/14592\/revisions\/14594"}],"wp:featuredmedia":[{"embeddable":true,"href":"https:\/\/sim.unemi.edu.ec\/index.php\/wp-json\/wp\/v2\/media\/14593"}],"wp:attachment":[{"href":"https:\/\/sim.unemi.edu.ec\/index.php\/wp-json\/wp\/v2\/media?parent=14592"}],"wp:term":[{"taxonomy":"category","embeddable":true,"href":"https:\/\/sim.unemi.edu.ec\/index.php\/wp-json\/wp\/v2\/categories?post=14592"},{"taxonomy":"post_tag","embeddable":true,"href":"https:\/\/sim.unemi.edu.ec\/index.php\/wp-json\/wp\/v2\/tags?post=14592"}],"curies":[{"name":"wp","href":"https:\/\/api.w.org\/{rel}","templated":true}]}}