{"id":14595,"date":"2025-11-10T12:23:54","date_gmt":"2025-11-10T17:23:54","guid":{"rendered":"https:\/\/sim.unemi.edu.ec\/?p=14595"},"modified":"2025-11-13T12:26:19","modified_gmt":"2025-11-13T17:26:19","slug":"mas-de-800-observadores-nacionales-e-internacionales-estaran-presentes-en-jornada-electoral-del-domingo","status":"publish","type":"post","link":"https:\/\/sim.unemi.edu.ec\/index.php\/2025\/11\/10\/mas-de-800-observadores-nacionales-e-internacionales-estaran-presentes-en-jornada-electoral-del-domingo\/","title":{"rendered":"M\u00e1s de 800 observadores nacionales e internacionales estar\u00e1n presentes en jornada electoral del domingo"},"content":{"rendered":"\n<figure class=\"wp-block-image size-large\"><img loading=\"lazy\" decoding=\"async\" width=\"819\" height=\"1024\" src=\"https:\/\/sim.unemi.edu.ec\/wp-content\/uploads\/2025\/11\/Post-Noticias-U-news-10-noviembre-2025-4-819x1024.jpg\" alt=\"\" class=\"wp-image-14596\"\/><\/figure>\n\n\n\n<p>El d\u00eda 16 de noviembre de 2025, m\u00e1s de trece millones de ciudadanos ecuatorianos est\u00e1n convocados a las urnas para participar en una jornada combinada de consulta popular y refer\u00e9ndum, en la que se presentar\u00e1n cuatro preguntas vinculadas al refer\u00e9ndum y una a la consulta popular.<\/p>\n\n\n\n<p>Seg\u00fan el Consejo Nacional Electoral (CNE), ya se han acreditado m\u00e1s de ochocientos veinticinco observadores nacionales e internacionales para supervisar el proceso electoral, sin que hasta ahora se hayan detallado las organizaciones espec\u00edficas que participan.<\/p>\n\n\n\n<p>La presidenta del CNE, Diana Atamaint, destac\u00f3 que la labor de estas misiones contribuye \u201ca consolidar la legitimidad del proceso, la confianza p\u00fablica y honran los lazos de cooperaci\u00f3n internacional\u201d establecidos por la instituci\u00f3n.<\/p>\n\n\n\n<p>Durante una presentaci\u00f3n ante el cuerpo diplom\u00e1tico, el CNE inform\u00f3 que se han abordado avances como el escrutinio, la transmisi\u00f3n de resultados, el voto en casa para personas mayores o con discapacidad registradas, y el sufragio de reclusos sin sentencia firme. En ese marco tambi\u00e9n se difundieron las rutas de observaci\u00f3n electoral y las campa\u00f1as de comunicaci\u00f3n para acompa\u00f1ar la consulta y el refer\u00e9ndum.<\/p>\n\n\n\n<p>Las preguntas que los ciudadanos deber\u00e1n responder abordan tem\u00e1ticas de gran envergadura: una posible convocatoria a una nueva Asamblea Constituyente para redactar una nueva Constituci\u00f3n, la eliminaci\u00f3n de la prohibici\u00f3n de establecer bases militares extranjeras con fines militares, la eliminaci\u00f3n de la obligaci\u00f3n estatal de asignar recursos a organizaciones pol\u00edticas, y la reducci\u00f3n del n\u00famero de asamble\u00edstas nacionales seg\u00fan nuevos criterios poblacionales.<\/p>\n\n\n\n<p class=\"has-small-font-size\">Autora: B\u00e1rbara Villamar &#8211; Practicante del Sistema Integrado de Medios (SIM).<\/p>\n","protected":false},"excerpt":{"rendered":"<p>El d\u00eda 16 de noviembre de 2025, m\u00e1s de trece millones de ciudadanos ecuatorianos est\u00e1n convocados a las urnas para participar en una jornada combinada de consulta popular y refer\u00e9ndum, en la que se presentar\u00e1n cuatro preguntas vinculadas al refer\u00e9ndum y una a la consulta popular. Seg\u00fan el Consejo Nacional Electoral (CNE), ya se han [&hellip;]<\/p>\n","protected":false},"author":3,"featured_media":14596,"comment_status":"open","ping_status":"open","sticky":false,"template":"","format":"standard","meta":{"footnotes":""},"categories":[1,81],"tags":[219,185,225,226],"class_list":["post-14595","post","type-post","status-publish","format-standard","has-post-thumbnail","hentry","category-nacionales","category-noticias","tag-cne","tag-ecuador","tag-jornadaelectoral","tag-observadores"],"_links":{"self":[{"href":"https:\/\/sim.unemi.edu.ec\/index.php\/wp-json\/wp\/v2\/posts\/14595","targetHints":{"allow":["GET"]}}],"collection":[{"href":"https:\/\/sim.unemi.edu.ec\/index.php\/wp-json\/wp\/v2\/posts"}],"about":[{"href":"https:\/\/sim.unemi.edu.ec\/index.php\/wp-json\/wp\/v2\/types\/post"}],"author":[{"embeddable":true,"href":"https:\/\/sim.unemi.edu.ec\/index.php\/wp-json\/wp\/v2\/users\/3"}],"replies":[{"embeddable":true,"href":"https:\/\/sim.unemi.edu.ec\/index.php\/wp-json\/wp\/v2\/comments?post=14595"}],"version-history":[{"count":1,"href":"https:\/\/sim.unemi.edu.ec\/index.php\/wp-json\/wp\/v2\/posts\/14595\/revisions"}],"predecessor-version":[{"id":14597,"href":"https:\/\/sim.unemi.edu.ec\/index.php\/wp-json\/wp\/v2\/posts\/14595\/revisions\/14597"}],"wp:featuredmedia":[{"embeddable":true,"href":"https:\/\/sim.unemi.edu.ec\/index.php\/wp-json\/wp\/v2\/media\/14596"}],"wp:attachment":[{"href":"https:\/\/sim.unemi.edu.ec\/index.php\/wp-json\/wp\/v2\/media?parent=14595"}],"wp:term":[{"taxonomy":"category","embeddable":true,"href":"https:\/\/sim.unemi.edu.ec\/index.php\/wp-json\/wp\/v2\/categories?post=14595"},{"taxonomy":"post_tag","embeddable":true,"href":"https:\/\/sim.unemi.edu.ec\/index.php\/wp-json\/wp\/v2\/tags?post=14595"}],"curies":[{"name":"wp","href":"https:\/\/api.w.org\/{rel}","templated":true}]}}