{"id":14601,"date":"2025-11-13T11:31:38","date_gmt":"2025-11-13T16:31:38","guid":{"rendered":"https:\/\/sim.unemi.edu.ec\/?p=14601"},"modified":"2025-11-14T11:37:30","modified_gmt":"2025-11-14T16:37:30","slug":"maduro-activa-plan-militar-ante-despliegue-del-portaaviones-estadounidense-en-el-caribe","status":"publish","type":"post","link":"https:\/\/sim.unemi.edu.ec\/index.php\/2025\/11\/13\/maduro-activa-plan-militar-ante-despliegue-del-portaaviones-estadounidense-en-el-caribe\/","title":{"rendered":"Maduro activa plan militar ante despliegue del portaaviones estadounidense en el Caribe"},"content":{"rendered":"\n<figure class=\"wp-block-image size-large\"><img loading=\"lazy\" decoding=\"async\" width=\"819\" height=\"1024\" src=\"https:\/\/sim.unemi.edu.ec\/wp-content\/uploads\/2025\/11\/Post-Noticias-U-news-13-noviembre-2025-1-819x1024.jpg\" alt=\"\" class=\"wp-image-14602\"\/><\/figure>\n\n\n\n<p>El USS Gerald R. Ford, acompa\u00f1ado de un grupo de buques escolta, ingres\u00f3 recientemente a la zona bajo jurisdicci\u00f3n del United States Southern Command, que abarca parte del Caribe y Am\u00e9rica Latina, seg\u00fan confirmaron fuentes del Departamento de Defensa citadas por Reuters.<\/p>\n\n\n\n<p>Desde Washington, la Casa Blanca y el Pent\u00e1gono justificaron el despliegue alegando que el portaaviones busca reforzar las operaciones de detecci\u00f3n y desmantelamiento de redes internacionales de narcotr\u00e1fico.<\/p>\n\n\n\n<p>Ante esta acci\u00f3n, el ministro de Defensa venezolano, Vladimir Padrino L\u00f3pez, inform\u00f3 que la FANB fue puesta \u201cen completo apresto operacional\u201d, incluyendo fuerzas navales, a\u00e9reas, fluviales, misil\u00edsticas y milicias populares. Seg\u00fan El Pa\u00eds, se trata de una fase avanzada del plan \u201cIndependencia 200\u201d, que prev\u00e9 la movilizaci\u00f3n de tropas, armamento y recursos log\u00edsticos en todo el territorio nacional.<\/p>\n\n\n\n<p>Durante un mensaje televisado, Maduro asegur\u00f3 que Venezuela responder\u00e1 \u201ccon unidad nacional y fuerza patri\u00f3tica\u201d ante cualquier intento de intervenci\u00f3n extranjera. Por su parte, Estados Unidos ha negado tener intenci\u00f3n de invadir Venezuela, aunque reconoce que la presencia del USS Gerald R. Ford refuerza su influencia estrat\u00e9gica en la regi\u00f3n.<\/p>\n\n\n\n<p>Este nuevo episodio, seg\u00fan Reuters, profundiza el deterioro de las relaciones entre ambos gobiernos, marcadas por denuncias cruzadas: Washington acusa al chavismo de amparar redes de narcotr\u00e1fico y terrorismo, mientras Caracas insiste en que se trata de una maniobra para justificar un cambio de r\u00e9gimen.<\/p>\n\n\n\n<p class=\"has-small-font-size\">Autora: Dayanna Roca Lavayen &#8211; Practicante del Sistema Integrado de Medios (SIM).<\/p>\n","protected":false},"excerpt":{"rendered":"<p>El USS Gerald R. Ford, acompa\u00f1ado de un grupo de buques escolta, ingres\u00f3 recientemente a la zona bajo jurisdicci\u00f3n del United States Southern Command, que abarca parte del Caribe y Am\u00e9rica Latina, seg\u00fan confirmaron fuentes del Departamento de Defensa citadas por Reuters. Desde Washington, la Casa Blanca y el Pent\u00e1gono justificaron el despliegue alegando que [&hellip;]<\/p>\n","protected":false},"author":3,"featured_media":14602,"comment_status":"open","ping_status":"open","sticky":false,"template":"","format":"standard","meta":{"footnotes":""},"categories":[129,81],"tags":[234,233,232,231],"class_list":["post-14601","post","type-post","status-publish","format-standard","has-post-thumbnail","hentry","category-internacionales","category-noticias","tag-departamentodedefensa","tag-narcotrafico","tag-planmilitar","tag-venezuela"],"_links":{"self":[{"href":"https:\/\/sim.unemi.edu.ec\/index.php\/wp-json\/wp\/v2\/posts\/14601","targetHints":{"allow":["GET"]}}],"collection":[{"href":"https:\/\/sim.unemi.edu.ec\/index.php\/wp-json\/wp\/v2\/posts"}],"about":[{"href":"https:\/\/sim.unemi.edu.ec\/index.php\/wp-json\/wp\/v2\/types\/post"}],"author":[{"embeddable":true,"href":"https:\/\/sim.unemi.edu.ec\/index.php\/wp-json\/wp\/v2\/users\/3"}],"replies":[{"embeddable":true,"href":"https:\/\/sim.unemi.edu.ec\/index.php\/wp-json\/wp\/v2\/comments?post=14601"}],"version-history":[{"count":1,"href":"https:\/\/sim.unemi.edu.ec\/index.php\/wp-json\/wp\/v2\/posts\/14601\/revisions"}],"predecessor-version":[{"id":14603,"href":"https:\/\/sim.unemi.edu.ec\/index.php\/wp-json\/wp\/v2\/posts\/14601\/revisions\/14603"}],"wp:featuredmedia":[{"embeddable":true,"href":"https:\/\/sim.unemi.edu.ec\/index.php\/wp-json\/wp\/v2\/media\/14602"}],"wp:attachment":[{"href":"https:\/\/sim.unemi.edu.ec\/index.php\/wp-json\/wp\/v2\/media?parent=14601"}],"wp:term":[{"taxonomy":"category","embeddable":true,"href":"https:\/\/sim.unemi.edu.ec\/index.php\/wp-json\/wp\/v2\/categories?post=14601"},{"taxonomy":"post_tag","embeddable":true,"href":"https:\/\/sim.unemi.edu.ec\/index.php\/wp-json\/wp\/v2\/tags?post=14601"}],"curies":[{"name":"wp","href":"https:\/\/api.w.org\/{rel}","templated":true}]}}