{"id":14604,"date":"2025-11-13T11:37:59","date_gmt":"2025-11-13T16:37:59","guid":{"rendered":"https:\/\/sim.unemi.edu.ec\/?p=14604"},"modified":"2025-11-14T11:40:40","modified_gmt":"2025-11-14T16:40:40","slug":"petro-suspende-cooperacion-de-inteligencia-con-ee-uu-por-ataques-en-el-caribe","status":"publish","type":"post","link":"https:\/\/sim.unemi.edu.ec\/index.php\/2025\/11\/13\/petro-suspende-cooperacion-de-inteligencia-con-ee-uu-por-ataques-en-el-caribe\/","title":{"rendered":"Petro suspende cooperaci\u00f3n de inteligencia con EE. UU. por ataques en el Caribe"},"content":{"rendered":"\n<figure class=\"wp-block-image size-large\"><img loading=\"lazy\" decoding=\"async\" width=\"819\" height=\"1024\" src=\"https:\/\/sim.unemi.edu.ec\/wp-content\/uploads\/2025\/11\/Post-Noticias-U-news-13-noviembre-2025-2-819x1024.jpg\" alt=\"\" class=\"wp-image-14605\"\/><\/figure>\n\n\n\n<p>El presidente de Colombia, Gustavo Petro, orden\u00f3 suspender toda comunicaci\u00f3n entre la inteligencia de la fuerza p\u00fablica y las agencias de seguridad de Estados Unidos, hasta que cesen los ataques con misiles a embarcaciones sospechosas de narcotr\u00e1fico en el mar Caribe. Petro justific\u00f3 la medida se\u00f1alando que la lucha contra las drogas \u201cdebe subordinarse a los derechos humanos del pueblo caribe\u00f1o\u201d y denunci\u00f3 que las operaciones estadounidenses violan la soberan\u00eda de la regi\u00f3n y el derecho internacional.<\/p>\n\n\n\n<p>La decisi\u00f3n se suma a la tomada por el Reino Unido, que tambi\u00e9n interrumpi\u00f3 parte de su cooperaci\u00f3n con Washington al considerar que los bombardeos contra las llamadas \u201cnarcolanchas\u201d son ilegales. Seg\u00fan medios internacionales, funcionarios brit\u00e1nicos estiman que esos ataques constituyen acciones fuera del marco legal y han frenado el env\u00edo de inteligencia sobre el \u00e1rea caribe\u00f1a.<\/p>\n\n\n\n<p>El anuncio de Petro ocurre adem\u00e1s en medio de una crisis diplom\u00e1tica con el gobierno de Donald Trump, luego de que el mandatario colombiano llamara a consultas a su embajador en Washington tras la publicaci\u00f3n de una fotograf\u00eda suya en la revista Cambio, que lo mostraba \u201ccomo si fuera un preso\u201d.<\/p>\n\n\n\n<p>Desde agosto, Estados Unidos ha desplegado buques de guerra, submarinos y aviones de combate frente a las costas de Venezuela, alegando una ofensiva contra el narcotr\u00e1fico. Sin embargo, esos ataques han causado la muerte de decenas de personas y han sido condenados por la ONU, Rusia y varios pa\u00edses latinoamericanos, entre ellos Colombia, M\u00e9xico y Brasil, que los califican como \u201cejecuciones sumarias\u201d contrarias al derecho internacional y a los principios de los derechos humanos.<\/p>\n\n\n\n<p class=\"has-small-font-size\">Autora: Dayanna Roca Lavayen &#8211; Practicante del Sistema Integrado de Medios (SIM).<\/p>\n","protected":false},"excerpt":{"rendered":"<p>El presidente de Colombia, Gustavo Petro, orden\u00f3 suspender toda comunicaci\u00f3n entre la inteligencia de la fuerza p\u00fablica y las agencias de seguridad de Estados Unidos, hasta que cesen los ataques con misiles a embarcaciones sospechosas de narcotr\u00e1fico en el mar Caribe. Petro justific\u00f3 la medida se\u00f1alando que la lucha contra las drogas \u201cdebe subordinarse a [&hellip;]<\/p>\n","protected":false},"author":3,"featured_media":14605,"comment_status":"open","ping_status":"open","sticky":false,"template":"","format":"standard","meta":{"footnotes":""},"categories":[129,81],"tags":[237,235,154,236],"class_list":["post-14604","post","type-post","status-publish","format-standard","has-post-thumbnail","hentry","category-internacionales","category-noticias","tag-bombardeos","tag-caribe","tag-ee-uu","tag-petro"],"_links":{"self":[{"href":"https:\/\/sim.unemi.edu.ec\/index.php\/wp-json\/wp\/v2\/posts\/14604","targetHints":{"allow":["GET"]}}],"collection":[{"href":"https:\/\/sim.unemi.edu.ec\/index.php\/wp-json\/wp\/v2\/posts"}],"about":[{"href":"https:\/\/sim.unemi.edu.ec\/index.php\/wp-json\/wp\/v2\/types\/post"}],"author":[{"embeddable":true,"href":"https:\/\/sim.unemi.edu.ec\/index.php\/wp-json\/wp\/v2\/users\/3"}],"replies":[{"embeddable":true,"href":"https:\/\/sim.unemi.edu.ec\/index.php\/wp-json\/wp\/v2\/comments?post=14604"}],"version-history":[{"count":1,"href":"https:\/\/sim.unemi.edu.ec\/index.php\/wp-json\/wp\/v2\/posts\/14604\/revisions"}],"predecessor-version":[{"id":14606,"href":"https:\/\/sim.unemi.edu.ec\/index.php\/wp-json\/wp\/v2\/posts\/14604\/revisions\/14606"}],"wp:featuredmedia":[{"embeddable":true,"href":"https:\/\/sim.unemi.edu.ec\/index.php\/wp-json\/wp\/v2\/media\/14605"}],"wp:attachment":[{"href":"https:\/\/sim.unemi.edu.ec\/index.php\/wp-json\/wp\/v2\/media?parent=14604"}],"wp:term":[{"taxonomy":"category","embeddable":true,"href":"https:\/\/sim.unemi.edu.ec\/index.php\/wp-json\/wp\/v2\/categories?post=14604"},{"taxonomy":"post_tag","embeddable":true,"href":"https:\/\/sim.unemi.edu.ec\/index.php\/wp-json\/wp\/v2\/tags?post=14604"}],"curies":[{"name":"wp","href":"https:\/\/api.w.org\/{rel}","templated":true}]}}