{"id":14607,"date":"2025-11-13T11:41:09","date_gmt":"2025-11-13T16:41:09","guid":{"rendered":"https:\/\/sim.unemi.edu.ec\/?p=14607"},"modified":"2026-01-16T12:17:12","modified_gmt":"2026-01-16T17:17:12","slug":"nuestra-tierra-no-esta-en-venta-manifestantes-indigenas-se-enfrentan-a-la-seguridad-de-la-cop30","status":"publish","type":"post","link":"https:\/\/sim.unemi.edu.ec\/index.php\/2025\/11\/13\/nuestra-tierra-no-esta-en-venta-manifestantes-indigenas-se-enfrentan-a-la-seguridad-de-la-cop30\/","title":{"rendered":"\u00abNuestra tierra no est\u00e1 en venta\u00bb: manifestantes ind\u00edgenas se enfrentan a la seguridad de la COP30"},"content":{"rendered":"\n<figure class=\"wp-block-image size-large\"><img loading=\"lazy\" decoding=\"async\" width=\"819\" height=\"1024\" src=\"https:\/\/sim.unemi.edu.ec\/wp-content\/uploads\/2025\/11\/Post-Noticias-U-news-13-noviembre-2025-3-819x1024.jpg\" alt=\"\" class=\"wp-image-14608\"\/><\/figure>\n\n\n\n<p>Durante la segunda jornada de la Conferencia de las Partes (COP30), celebrada en Bel\u00e9m, Brasil, un grupo de manifestantes ind\u00edgenas protagoniz\u00f3 una protesta en las inmediaciones del recinto donde se desarrolla la cumbre clim\u00e1tica. Con c\u00e1nticos y pancartas que dec\u00edan \u201cNuestra tierra no est\u00e1 en venta\u201d, los participantes denunciaron la exclusi\u00f3n de los pueblos originarios en las decisiones sobre pol\u00edticas ambientales y exigieron un compromiso real con la defensa de los territorios naturales frente a las industrias extractivas.<\/p>\n\n\n\n<p>Los manifestantes, procedentes de diversas comunidades amaz\u00f3nicas, se\u00f1alaron que las actividades mineras, petroleras y agroindustriales contin\u00faan devastando sus territorios, pese a los compromisos internacionales de protecci\u00f3n ambiental. Algunos lograron ingresar al \u00e1rea de acceso restringido conocida como \u201czona azul\u201d, donde se encontraban los delegados oficiales, lo que gener\u00f3 tensiones con el personal de seguridad de la ONU y oblig\u00f3 a cerrar temporalmente las puertas del recinto.<\/p>\n\n\n\n<p>Durante el enfrentamiento, se report\u00f3 al menos un guardia herido, mientras que los l\u00edderes ind\u00edgenas insistieron en que su acci\u00f3n fue pac\u00edfica y simb\u00f3lica. \u201cNo podemos comer dinero\u201d, expres\u00f3 uno de los representantes de la comunidad Tupinamb\u00e1, haciendo un llamado a los gobiernos y organismos internacionales a priorizar la vida y la naturaleza por encima de los intereses econ\u00f3micos.<\/p>\n\n\n\n<p>La protesta busc\u00f3 visibilizar la urgencia de incluir a las comunidades ind\u00edgenas en las negociaciones sobre el cambio clim\u00e1tico, recordando que sus territorios son esenciales para la preservaci\u00f3n de los ecosistemas. Adem\u00e1s, los manifestantes exigieron que se respeten los acuerdos de consulta previa, libre e informada, antes de aprobar proyectos que afecten sus tierras ancestrales.<\/p>\n\n\n\n<p>Pese a los incidentes, la COP30 continu\u00f3 desarroll\u00e1ndose con la presencia de l\u00edderes mundiales, cient\u00edficos y activistas ambientales. Sin embargo, el episodio ha dejado en evidencia las tensiones entre los discursos oficiales sobre sostenibilidad y las realidades que enfrentan los pueblos ind\u00edgenas, quienes reclaman un papel central en la defensa del planeta y sus recursos naturales.<\/p>\n\n\n\n<p class=\"has-small-font-size\">Autora: Merlin S\u00e1nchez &#8211; Practicante del Sistema Integrado de Medios (SIM).<\/p>\n","protected":false},"excerpt":{"rendered":"<p>Durante la segunda jornada de la Conferencia de las Partes (COP30), celebrada en Bel\u00e9m, Brasil, un grupo de manifestantes ind\u00edgenas protagoniz\u00f3 una protesta en las inmediaciones del recinto donde se desarrolla la cumbre clim\u00e1tica. Con c\u00e1nticos y pancartas que dec\u00edan \u201cNuestra tierra no est\u00e1 en venta\u201d, los participantes denunciaron la exclusi\u00f3n de los pueblos originarios [&hellip;]<\/p>\n","protected":false},"author":3,"featured_media":14608,"comment_status":"open","ping_status":"open","sticky":false,"template":"","format":"standard","meta":{"footnotes":""},"categories":[129,81],"tags":[240,239,238,241],"class_list":["post-14607","post","type-post","status-publish","format-standard","has-post-thumbnail","hentry","category-internacionales","category-noticias","tag-amazonia","tag-cop30","tag-indigenas","tag-nuestratierranoestaenventa"],"_links":{"self":[{"href":"https:\/\/sim.unemi.edu.ec\/index.php\/wp-json\/wp\/v2\/posts\/14607","targetHints":{"allow":["GET"]}}],"collection":[{"href":"https:\/\/sim.unemi.edu.ec\/index.php\/wp-json\/wp\/v2\/posts"}],"about":[{"href":"https:\/\/sim.unemi.edu.ec\/index.php\/wp-json\/wp\/v2\/types\/post"}],"author":[{"embeddable":true,"href":"https:\/\/sim.unemi.edu.ec\/index.php\/wp-json\/wp\/v2\/users\/3"}],"replies":[{"embeddable":true,"href":"https:\/\/sim.unemi.edu.ec\/index.php\/wp-json\/wp\/v2\/comments?post=14607"}],"version-history":[{"count":2,"href":"https:\/\/sim.unemi.edu.ec\/index.php\/wp-json\/wp\/v2\/posts\/14607\/revisions"}],"predecessor-version":[{"id":14637,"href":"https:\/\/sim.unemi.edu.ec\/index.php\/wp-json\/wp\/v2\/posts\/14607\/revisions\/14637"}],"wp:featuredmedia":[{"embeddable":true,"href":"https:\/\/sim.unemi.edu.ec\/index.php\/wp-json\/wp\/v2\/media\/14608"}],"wp:attachment":[{"href":"https:\/\/sim.unemi.edu.ec\/index.php\/wp-json\/wp\/v2\/media?parent=14607"}],"wp:term":[{"taxonomy":"category","embeddable":true,"href":"https:\/\/sim.unemi.edu.ec\/index.php\/wp-json\/wp\/v2\/categories?post=14607"},{"taxonomy":"post_tag","embeddable":true,"href":"https:\/\/sim.unemi.edu.ec\/index.php\/wp-json\/wp\/v2\/tags?post=14607"}],"curies":[{"name":"wp","href":"https:\/\/api.w.org\/{rel}","templated":true}]}}