{"id":14633,"date":"2026-01-16T12:56:40","date_gmt":"2026-01-16T17:56:40","guid":{"rendered":"https:\/\/sim.unemi.edu.ec\/?p=14633"},"modified":"2026-01-20T18:25:37","modified_gmt":"2026-01-20T23:25:37","slug":"petro-confirma-fecha-para-reunirse-con-trump","status":"publish","type":"post","link":"https:\/\/sim.unemi.edu.ec\/index.php\/2026\/01\/16\/petro-confirma-fecha-para-reunirse-con-trump\/","title":{"rendered":"Petro confirma fecha para reunirse con Trump"},"content":{"rendered":"\n<p><strong>El 3 de febrero del 2026, en EE. UU., ser\u00e1 el d\u00eda en que ambos presidentes se miren frente a frente, en un encuentro que promete ser hist\u00f3rico, debido a las confrontaciones protagonizadas entre los dos mandatarios.<\/strong><\/p>\n\n\n\n<figure class=\"wp-block-image size-full\"><img loading=\"lazy\" decoding=\"async\" width=\"566\" height=\"333\" src=\"https:\/\/sim.unemi.edu.ec\/wp-content\/uploads\/2026\/01\/IMG_2844.jpg\" alt=\"\" class=\"wp-image-14634\"\/><\/figure>\n\n\n\n<p><em><strong>Imagen:<\/strong> La Rep\u00fablica<\/em><\/p>\n\n\n\n<p class=\"has-small-font-size\">\u2705 El presidente colombiano, Gustavo Petro, anunci\u00f3 su reuni\u00f3n con el presidente estadounidense, Donald Trump, para el pr\u00f3ximo 3 de febrero en Estados Unidos.<\/p>\n\n\n\n<p class=\"has-small-font-size\">\u2705 Ambos mandatarios protagonizaron confrontaciones verbales el a\u00f1o pasado y la tensi\u00f3n escal\u00f3 tras el ataque de EE. UU. a Venezuela, con amenazas de Trump sobre posibles acciones militares en Colombia.<\/p>\n\n\n\n<p class=\"has-small-font-size\">\u2705 El anuncio fue realizado por el propio Trump, quien subray\u00f3 que el encuentro estar\u00e1 condicionado a avances concretos en el control del tr\u00e1fico de drogas hacia su pa\u00eds. \u201cEstoy seguro de que ser\u00e1 muy beneficioso, pero es necesario prohibir la entrada de coca\u00edna y otras drogas a Estados Unidos\u201d, se\u00f1al\u00f3 el presidente estadounidense.<\/p>\n\n\n\n<p class=\"has-small-font-size\">\u2705 La conversaci\u00f3n entre ambos mandatarios se produce en medio de lo que ha sido un constante cruce de acusaciones y amenazas, que se recrudeci\u00f3 tras la operaci\u00f3n estadounidense en Venezuela del pasado s\u00e1bado que culmin\u00f3 con la captura de Nicol\u00e1s Maduro y su esposa.<\/p>\n\n\n\n<p class=\"has-small-font-size\">\u2705 Trump dijo que hab\u00eda sido un \u00abhonor\u00bb hablar con Petro y que este le llam\u00f3 para explicarle \u00abla situaci\u00f3n relacionada con las drogas y otros desacuerdos\u00bb.<\/p>\n\n\n\n<p class=\"has-small-font-size\">Autora: Ma. Isabel Salazar Mu\u00f1oz, Practicante del Sistema Integrado de Medios ( SIM).<\/p>\n","protected":false},"excerpt":{"rendered":"<p>El 3 de febrero del 2026, en EE. UU., ser\u00e1 el d\u00eda en que ambos presidentes se miren frente a frente, en un encuentro que promete ser hist\u00f3rico, debido a las confrontaciones protagonizadas entre los dos mandatarios. Imagen: La Rep\u00fablica \u2705 El presidente colombiano, Gustavo Petro, anunci\u00f3 su reuni\u00f3n con el presidente estadounidense, Donald Trump, [&hellip;]<\/p>\n","protected":false},"author":3,"featured_media":14638,"comment_status":"open","ping_status":"open","sticky":false,"template":"","format":"standard","meta":{"footnotes":""},"categories":[1,81],"tags":[243,242,161],"class_list":["post-14633","post","type-post","status-publish","format-standard","has-post-thumbnail","hentry","category-nacionales","category-noticias","tag-confrontacion","tag-reunionpetrotrump","tag-trump"],"_links":{"self":[{"href":"https:\/\/sim.unemi.edu.ec\/index.php\/wp-json\/wp\/v2\/posts\/14633","targetHints":{"allow":["GET"]}}],"collection":[{"href":"https:\/\/sim.unemi.edu.ec\/index.php\/wp-json\/wp\/v2\/posts"}],"about":[{"href":"https:\/\/sim.unemi.edu.ec\/index.php\/wp-json\/wp\/v2\/types\/post"}],"author":[{"embeddable":true,"href":"https:\/\/sim.unemi.edu.ec\/index.php\/wp-json\/wp\/v2\/users\/3"}],"replies":[{"embeddable":true,"href":"https:\/\/sim.unemi.edu.ec\/index.php\/wp-json\/wp\/v2\/comments?post=14633"}],"version-history":[{"count":3,"href":"https:\/\/sim.unemi.edu.ec\/index.php\/wp-json\/wp\/v2\/posts\/14633\/revisions"}],"predecessor-version":[{"id":14650,"href":"https:\/\/sim.unemi.edu.ec\/index.php\/wp-json\/wp\/v2\/posts\/14633\/revisions\/14650"}],"wp:featuredmedia":[{"embeddable":true,"href":"https:\/\/sim.unemi.edu.ec\/index.php\/wp-json\/wp\/v2\/media\/14638"}],"wp:attachment":[{"href":"https:\/\/sim.unemi.edu.ec\/index.php\/wp-json\/wp\/v2\/media?parent=14633"}],"wp:term":[{"taxonomy":"category","embeddable":true,"href":"https:\/\/sim.unemi.edu.ec\/index.php\/wp-json\/wp\/v2\/categories?post=14633"},{"taxonomy":"post_tag","embeddable":true,"href":"https:\/\/sim.unemi.edu.ec\/index.php\/wp-json\/wp\/v2\/tags?post=14633"}],"curies":[{"name":"wp","href":"https:\/\/api.w.org\/{rel}","templated":true}]}}