{"id":14657,"date":"2026-01-19T14:15:42","date_gmt":"2026-01-19T19:15:42","guid":{"rendered":"https:\/\/sim.unemi.edu.ec\/?p=14657"},"modified":"2026-01-19T14:15:43","modified_gmt":"2026-01-19T19:15:43","slug":"falsos-policias-acaban-con-la-vida-de-tres-jovenes-en-guayaquil","status":"publish","type":"post","link":"https:\/\/sim.unemi.edu.ec\/index.php\/2026\/01\/19\/falsos-policias-acaban-con-la-vida-de-tres-jovenes-en-guayaquil\/","title":{"rendered":"Falsos polic\u00edas acaban con la vida de tres j\u00f3venes en Guayaquil"},"content":{"rendered":"\n<p>Tres hombres fueron acribillados en la Cooperativa Colinas de la Florida, en el Norte de Guayaquil por atacantes que portaban uniformes similares a los de la Polic\u00eda Nacional.<\/p>\n\n\n\n<figure class=\"wp-block-image size-full\"><img loading=\"lazy\" decoding=\"async\" width=\"886\" height=\"501\" src=\"https:\/\/sim.unemi.edu.ec\/wp-content\/uploads\/2026\/01\/image.png\" alt=\"\" class=\"wp-image-14658\"\/><\/figure>\n\n\n\n<p class=\"has-small-font-size\"><em>Imagen: Ecuavisa<\/em><\/p>\n\n\n\n<p>\u2705 Tres hombres fueron acribillados en la Cooperativa Colinas de la Florida, en el norte de Guayaquil, por atacantes que portaban uniformes similares a los de la Polic\u00eda Nacional.<\/p>\n\n\n\n<p>\u2705 Las v\u00edctimas, identificadas como Bryan Mac\u00edas (25 a\u00f1os), Becker Ovando (27 a\u00f1os) y Willinton Ruiz (28 a\u00f1os), se encontraban en el exterior de una vivienda cuando fueron sorprendidas por los sicarios.<\/p>\n\n\n\n<p>\u2705 Las autoridades investigan el uso de uniformes oficiales por parte de bandas delictivas, una modalidad que ha generado alarma en la comunidad debido a la facilidad con la que los victimarios logran aproximarse a sus objetivos.<\/p>\n\n\n\n<p>\u2705 Hasta el momento, no se han reportado detenciones vinculadas a este triple asesinato, que se suma a la creciente ola de inseguridad que afecta a la urbe porte\u00f1a al inicio de este 2026.<\/p>\n\n\n\n<p class=\"has-small-font-size\"><em>Autora: Milena Mosquera Castro &#8211; Practicante del Sistema Integrado de Medios (SIM)<\/em><\/p>\n\n\n\n<p><\/p>\n","protected":false},"excerpt":{"rendered":"<p>Tres hombres fueron acribillados en la Cooperativa Colinas de la Florida, en el Norte de Guayaquil por atacantes que portaban uniformes similares a los de la Polic\u00eda Nacional. Imagen: Ecuavisa \u2705 Tres hombres fueron acribillados en la Cooperativa Colinas de la Florida, en el norte de Guayaquil, por atacantes que portaban uniformes similares a los [&hellip;]<\/p>\n","protected":false},"author":7,"featured_media":14662,"comment_status":"open","ping_status":"open","sticky":false,"template":"","format":"standard","meta":{"footnotes":""},"categories":[1],"tags":[223,185,250],"class_list":["post-14657","post","type-post","status-publish","format-standard","has-post-thumbnail","hentry","category-nacionales","tag-ataquearmado","tag-ecuador","tag-inseguridad"],"_links":{"self":[{"href":"https:\/\/sim.unemi.edu.ec\/index.php\/wp-json\/wp\/v2\/posts\/14657","targetHints":{"allow":["GET"]}}],"collection":[{"href":"https:\/\/sim.unemi.edu.ec\/index.php\/wp-json\/wp\/v2\/posts"}],"about":[{"href":"https:\/\/sim.unemi.edu.ec\/index.php\/wp-json\/wp\/v2\/types\/post"}],"author":[{"embeddable":true,"href":"https:\/\/sim.unemi.edu.ec\/index.php\/wp-json\/wp\/v2\/users\/7"}],"replies":[{"embeddable":true,"href":"https:\/\/sim.unemi.edu.ec\/index.php\/wp-json\/wp\/v2\/comments?post=14657"}],"version-history":[{"count":2,"href":"https:\/\/sim.unemi.edu.ec\/index.php\/wp-json\/wp\/v2\/posts\/14657\/revisions"}],"predecessor-version":[{"id":14668,"href":"https:\/\/sim.unemi.edu.ec\/index.php\/wp-json\/wp\/v2\/posts\/14657\/revisions\/14668"}],"wp:featuredmedia":[{"embeddable":true,"href":"https:\/\/sim.unemi.edu.ec\/index.php\/wp-json\/wp\/v2\/media\/14662"}],"wp:attachment":[{"href":"https:\/\/sim.unemi.edu.ec\/index.php\/wp-json\/wp\/v2\/media?parent=14657"}],"wp:term":[{"taxonomy":"category","embeddable":true,"href":"https:\/\/sim.unemi.edu.ec\/index.php\/wp-json\/wp\/v2\/categories?post=14657"},{"taxonomy":"post_tag","embeddable":true,"href":"https:\/\/sim.unemi.edu.ec\/index.php\/wp-json\/wp\/v2\/tags?post=14657"}],"curies":[{"name":"wp","href":"https:\/\/api.w.org\/{rel}","templated":true}]}}