{"id":14664,"date":"2026-01-19T14:23:23","date_gmt":"2026-01-19T19:23:23","guid":{"rendered":"https:\/\/sim.unemi.edu.ec\/?p=14664"},"modified":"2026-01-20T18:27:39","modified_gmt":"2026-01-20T23:27:39","slug":"marcela-aguinaga-lanza-partido-propio-con-miras-a-elecciones-del-2027","status":"publish","type":"post","link":"https:\/\/sim.unemi.edu.ec\/index.php\/2026\/01\/19\/marcela-aguinaga-lanza-partido-propio-con-miras-a-elecciones-del-2027\/","title":{"rendered":"Marcela Agui\u00f1aga lanza partido propio con miras a elecciones del 2027"},"content":{"rendered":"\n<p>Marcela Agui\u00f1aga anunci\u00f3 que participar\u00e1 en las pr\u00f3ximas elecciones seccionales a trav\u00e9s de un nuevo partido pol\u00edtico.<\/p>\n\n\n\n<figure class=\"wp-block-image size-full\"><img loading=\"lazy\" decoding=\"async\" width=\"602\" height=\"339\" src=\"https:\/\/sim.unemi.edu.ec\/wp-content\/uploads\/2026\/01\/aguinaga.png\" alt=\"\" class=\"wp-image-14665\"\/><\/figure>\n\n\n\n<p class=\"has-small-font-size\"><em>FOTO: Tomada de redes sociales.<\/em><\/p>\n\n\n\n<p>\u2705 Marcela Agui\u00f1aga anunci\u00f3 que participar\u00e1 en las pr\u00f3ximas elecciones seccionales a trav\u00e9s de un nuevo partido pol\u00edtico, marcando una distancia definitiva con el corre\u00edsmo.<\/p>\n\n\n\n<p>\u2705 Su propuesta, seg\u00fan dijo, se define ideol\u00f3gicamente entre el centro y la izquierda, buscando atraer a un electorado diverso sin cerrar las puertas al di\u00e1logo con diversos sectores, incluyendo a excompa\u00f1eros de militancia.<\/p>\n\n\n\n<p>\u2705 \u00abHoy soy la prefecta de los que votaron por m\u00ed, y tambi\u00e9n de los que no. Soy la prefecta de los corre\u00edstas, de los socialcristianos, de los independientes y de los que est\u00e1n hartos de la pol\u00edtica\u00bb, dijo en una reuni\u00f3n con gremios de agricultores que se realiz\u00f3 en Guayas.<\/p>\n\n\n\n<p>\u2705 Aunque anteriormente se especul\u00f3 sobre su posible acercamiento al Movimiento RETO, ella ha optado por consolidar un proyecto pol\u00edtico independiente, cuyo nombre a\u00fan no ha sido revelado.<\/p>\n\n\n\n<p class=\"has-small-font-size\"><em>Autora: Milena Mosquera Castro &#8211; Practicante del Sistema Integrado de Medios (SIM).\u00a0<\/em><\/p>\n","protected":false},"excerpt":{"rendered":"<p>Marcela Agui\u00f1aga anunci\u00f3 que participar\u00e1 en las pr\u00f3ximas elecciones seccionales a trav\u00e9s de un nuevo partido pol\u00edtico. FOTO: Tomada de redes sociales. \u2705 Marcela Agui\u00f1aga anunci\u00f3 que participar\u00e1 en las pr\u00f3ximas elecciones seccionales a trav\u00e9s de un nuevo partido pol\u00edtico, marcando una distancia definitiva con el corre\u00edsmo. \u2705 Su propuesta, seg\u00fan dijo, se define ideol\u00f3gicamente [&hellip;]<\/p>\n","protected":false},"author":7,"featured_media":14661,"comment_status":"open","ping_status":"open","sticky":false,"template":"","format":"standard","meta":{"footnotes":""},"categories":[1],"tags":[252,254,253,251],"class_list":["post-14664","post","type-post","status-publish","format-standard","has-post-thumbnail","hentry","category-nacionales","tag-ecuadorelecciones","tag-guayasecuador","tag-ideologiapolitica","tag-politica"],"_links":{"self":[{"href":"https:\/\/sim.unemi.edu.ec\/index.php\/wp-json\/wp\/v2\/posts\/14664","targetHints":{"allow":["GET"]}}],"collection":[{"href":"https:\/\/sim.unemi.edu.ec\/index.php\/wp-json\/wp\/v2\/posts"}],"about":[{"href":"https:\/\/sim.unemi.edu.ec\/index.php\/wp-json\/wp\/v2\/types\/post"}],"author":[{"embeddable":true,"href":"https:\/\/sim.unemi.edu.ec\/index.php\/wp-json\/wp\/v2\/users\/7"}],"replies":[{"embeddable":true,"href":"https:\/\/sim.unemi.edu.ec\/index.php\/wp-json\/wp\/v2\/comments?post=14664"}],"version-history":[{"count":1,"href":"https:\/\/sim.unemi.edu.ec\/index.php\/wp-json\/wp\/v2\/posts\/14664\/revisions"}],"predecessor-version":[{"id":14666,"href":"https:\/\/sim.unemi.edu.ec\/index.php\/wp-json\/wp\/v2\/posts\/14664\/revisions\/14666"}],"wp:featuredmedia":[{"embeddable":true,"href":"https:\/\/sim.unemi.edu.ec\/index.php\/wp-json\/wp\/v2\/media\/14661"}],"wp:attachment":[{"href":"https:\/\/sim.unemi.edu.ec\/index.php\/wp-json\/wp\/v2\/media?parent=14664"}],"wp:term":[{"taxonomy":"category","embeddable":true,"href":"https:\/\/sim.unemi.edu.ec\/index.php\/wp-json\/wp\/v2\/categories?post=14664"},{"taxonomy":"post_tag","embeddable":true,"href":"https:\/\/sim.unemi.edu.ec\/index.php\/wp-json\/wp\/v2\/tags?post=14664"}],"curies":[{"name":"wp","href":"https:\/\/api.w.org\/{rel}","templated":true}]}}