{"id":14669,"date":"2026-01-20T12:45:04","date_gmt":"2026-01-20T17:45:04","guid":{"rendered":"https:\/\/sim.unemi.edu.ec\/?p=14669"},"modified":"2026-01-20T18:27:22","modified_gmt":"2026-01-20T23:27:22","slug":"municipio-de-guayaquil-entrega-nuevos-dormitorios-a-fuerzas-armadas","status":"publish","type":"post","link":"https:\/\/sim.unemi.edu.ec\/index.php\/2026\/01\/20\/municipio-de-guayaquil-entrega-nuevos-dormitorios-a-fuerzas-armadas\/","title":{"rendered":"Municipio de Guayaquil entrega nuevos dormitorios a Fuerzas Armadas"},"content":{"rendered":"\n<p><em>La obra, que demand\u00f3 una inversi\u00f3n superior a los $540.000, busca fortalecer la capacidad operativa de los militares en la ciudad.<\/em><br><\/p>\n\n\n\n<figure class=\"wp-block-image size-full is-resized\"><img loading=\"lazy\" decoding=\"async\" width=\"850\" height=\"636\" src=\"https:\/\/sim.unemi.edu.ec\/wp-content\/uploads\/2026\/01\/image.jpeg\" alt=\"\" class=\"wp-image-14670\" style=\"width:670px;height:auto\"\/><\/figure>\n\n\n\n<p class=\"has-small-font-size\"><em>Foto: Alcald\u00eda de Guayaquil<\/em><\/p>\n\n\n\n<p><em>La obra, que demand\u00f3 una inversi\u00f3n superior a los $540.000, busca fortalecer la capacidad operativa de los militares en la ciudad.<\/em><\/p>\n\n\n\n<p>Como parte de un convenio con Segura EP y el Ministerio de Defensa, el Municipio de Guayaquil entreg\u00f3 dos nuevos dormitorios generales en el Fuerte Militar Huancavilca.&nbsp;<\/p>\n\n\n\n<p>Durante el evento, las autoridades destacaron que esta infraestructura es clave para el bienestar del personal que combate la delincuencia organizada.<\/p>\n\n\n\n<p>El director de Obras P\u00fablicas, Carlos V\u00e1zquez, detall\u00f3 que cada pabell\u00f3n mide 52&#215;12 metros y est\u00e1 equipado con \u00e1reas sanitarias y casilleros reforzados. Por su parte, el coronel Milton Moreno, comandante de la Brigada de Infanter\u00eda n.\u00ba 5 Guayas, resalt\u00f3 la importancia de estos espacios.<\/p>\n\n\n\n<p>Durante el acto, el alcalde, Aquiles \u00c1lvarez, enfatiz\u00f3 que el apoyo municipal a los militares es integral. Como prueba de ello, anunci\u00f3 que las escrituras de 60 hect\u00e1reas ubicadas en el sector de Samanes ya est\u00e1n listas para ser transferidas formalmente a la instituci\u00f3n armada.<\/p>\n\n\n\n<p>Seg\u00fan el burgomaestre, esta regularizaci\u00f3n es fundamental para que el estamento militar pueda dar un uso adecuado y soberano a dichos terrenos.<\/p>\n\n\n\n<p>La obra, que demand\u00f3 una inversi\u00f3n superior a los $540.000, busca fortalecer la capacidad operativa de las Fuerzas Armadas en la ciudad.<\/p>\n\n\n\n<p>La jornada cerr\u00f3 con un sentido acto religioso y el recorrido de las autoridades por los nuevos pabellones, los cuales est\u00e1n listos para recibir a los uniformados que refuerzan la seguridad en Guayaquil.<\/p>\n\n\n\n<p class=\"has-small-font-size\"><em>Autora: Milena Mosquera Castro &#8211; Practicante del Sistema Integrado de Medios (SIM).<\/em><\/p>\n","protected":false},"excerpt":{"rendered":"<p>La obra, que demand\u00f3 una inversi\u00f3n superior a los $540.000, busca fortalecer la capacidad operativa de los militares en la ciudad. Foto: Alcald\u00eda de Guayaquil La obra, que demand\u00f3 una inversi\u00f3n superior a los $540.000, busca fortalecer la capacidad operativa de los militares en la ciudad. Como parte de un convenio con Segura EP y [&hellip;]<\/p>\n","protected":false},"author":7,"featured_media":14671,"comment_status":"open","ping_status":"open","sticky":false,"template":"","format":"standard","meta":{"footnotes":""},"categories":[1],"tags":[255,257,256],"class_list":["post-14669","post","type-post","status-publish","format-standard","has-post-thumbnail","hentry","category-nacionales","tag-fuerzasarmadas","tag-inversionestatal","tag-municipiodeguayaquil"],"_links":{"self":[{"href":"https:\/\/sim.unemi.edu.ec\/index.php\/wp-json\/wp\/v2\/posts\/14669","targetHints":{"allow":["GET"]}}],"collection":[{"href":"https:\/\/sim.unemi.edu.ec\/index.php\/wp-json\/wp\/v2\/posts"}],"about":[{"href":"https:\/\/sim.unemi.edu.ec\/index.php\/wp-json\/wp\/v2\/types\/post"}],"author":[{"embeddable":true,"href":"https:\/\/sim.unemi.edu.ec\/index.php\/wp-json\/wp\/v2\/users\/7"}],"replies":[{"embeddable":true,"href":"https:\/\/sim.unemi.edu.ec\/index.php\/wp-json\/wp\/v2\/comments?post=14669"}],"version-history":[{"count":1,"href":"https:\/\/sim.unemi.edu.ec\/index.php\/wp-json\/wp\/v2\/posts\/14669\/revisions"}],"predecessor-version":[{"id":14672,"href":"https:\/\/sim.unemi.edu.ec\/index.php\/wp-json\/wp\/v2\/posts\/14669\/revisions\/14672"}],"wp:featuredmedia":[{"embeddable":true,"href":"https:\/\/sim.unemi.edu.ec\/index.php\/wp-json\/wp\/v2\/media\/14671"}],"wp:attachment":[{"href":"https:\/\/sim.unemi.edu.ec\/index.php\/wp-json\/wp\/v2\/media?parent=14669"}],"wp:term":[{"taxonomy":"category","embeddable":true,"href":"https:\/\/sim.unemi.edu.ec\/index.php\/wp-json\/wp\/v2\/categories?post=14669"},{"taxonomy":"post_tag","embeddable":true,"href":"https:\/\/sim.unemi.edu.ec\/index.php\/wp-json\/wp\/v2\/tags?post=14669"}],"curies":[{"name":"wp","href":"https:\/\/api.w.org\/{rel}","templated":true}]}}