{"id":14673,"date":"2026-01-20T12:53:25","date_gmt":"2026-01-20T17:53:25","guid":{"rendered":"https:\/\/sim.unemi.edu.ec\/?p=14673"},"modified":"2026-01-20T18:42:05","modified_gmt":"2026-01-20T23:42:05","slug":"macron-llama-a-restringir-el-mercado-europeo-a-empresas-de-ee-uu","status":"publish","type":"post","link":"https:\/\/sim.unemi.edu.ec\/index.php\/2026\/01\/20\/macron-llama-a-restringir-el-mercado-europeo-a-empresas-de-ee-uu\/","title":{"rendered":"Macron llama a restringir el mercado europeo a empresas de EE. UU."},"content":{"rendered":"\n<p><em>El presidente franc\u00e9s denuncia en Davos que Trump \u201cintenta someter a Europa con interminables aranceles que son inaceptables\u00bb.<\/em><br><\/p>\n\n\n\n<figure class=\"wp-block-image size-full is-resized\"><img loading=\"lazy\" decoding=\"async\" width=\"920\" height=\"613\" src=\"https:\/\/sim.unemi.edu.ec\/wp-content\/uploads\/2026\/01\/image-1.png\" alt=\"\" class=\"wp-image-14674\" style=\"width:823px;height:auto\"\/><\/figure>\n\n\n\n<p class=\"has-small-font-size\"><em>Foto: El Mundo<\/em><\/p>\n\n\n\n<p>En respuesta al reciente anuncio de aranceles globales sobre importaciones estadounidenses por parte del presidente de EE. UU., Donald Trump, su hom\u00f3logo franc\u00e9s, Emmanuel Macron, inst\u00f3 a las empresas europeas a suspender sus inversiones planificadas en Estados Unidos. Macron hizo este llamamiento durante una reuni\u00f3n con representantes de la industria francesa, el jueves.<\/p>\n\n\n\n<p>El mandatario franc\u00e9s afirm\u00f3 que es crucial que las inversiones anunciadas en las \u00faltimas semanas, o aquellas por venir, sean suspendidas hasta que haya claridad sobre la situaci\u00f3n con Estados Unidos.<\/p>\n\n\n\n<p>Mencion\u00f3 que ninguna respuesta potencial ha sido descartada en este momento, y sugiri\u00f3 varias estrategias. Estas incluyen el uso de un mecanismo anti-coerci\u00f3n, enfocarse en servicios digitales y examinar los mecanismos de financiaci\u00f3n de la econom\u00eda estadounidense.<\/p>\n\n\n\n<p>Macron, adem\u00e1s, declar\u00f3 que la respuesta a los aranceles rec\u00edprocos ser\u00eda m\u00e1s extensa que la anterior represalia a los aranceles estadounidenses sobre el acero y el aluminio. Describi\u00f3 los aranceles como \u00abbrutales e infundados\u00bb y una perturbaci\u00f3n para el comercio internacional.<\/p>\n\n\n\n<p>El mandatario europeo enfatiz\u00f3 tambi\u00e9n que su continente debe responder a estos aranceles, sector por sector.<\/p>\n\n\n\n<p class=\"has-small-font-size\"><em>Autora: Ma. Isabel Salazar &#8211; Practicante del Sistema Integrado de Medios (SIM).<\/em><br><\/p>\n\n\n\n<p><\/p>\n","protected":false},"excerpt":{"rendered":"<p>El presidente franc\u00e9s denuncia en Davos que Trump \u201cintenta someter a Europa con interminables aranceles que son inaceptables\u00bb. Foto: El Mundo En respuesta al reciente anuncio de aranceles globales sobre importaciones estadounidenses por parte del presidente de EE. UU., Donald Trump, su hom\u00f3logo franc\u00e9s, Emmanuel Macron, inst\u00f3 a las empresas europeas a suspender sus inversiones [&hellip;]<\/p>\n","protected":false},"author":7,"featured_media":14675,"comment_status":"open","ping_status":"open","sticky":false,"template":"","format":"standard","meta":{"footnotes":""},"categories":[80],"tags":[259,261,260,262,263],"class_list":["post-14673","post","type-post","status-publish","format-standard","has-post-thumbnail","hentry","category-noticias_institucionales","tag-donaldtrump","tag-eeuu","tag-emmanuelmacron","tag-francia","tag-mercadoeuropeo"],"_links":{"self":[{"href":"https:\/\/sim.unemi.edu.ec\/index.php\/wp-json\/wp\/v2\/posts\/14673","targetHints":{"allow":["GET"]}}],"collection":[{"href":"https:\/\/sim.unemi.edu.ec\/index.php\/wp-json\/wp\/v2\/posts"}],"about":[{"href":"https:\/\/sim.unemi.edu.ec\/index.php\/wp-json\/wp\/v2\/types\/post"}],"author":[{"embeddable":true,"href":"https:\/\/sim.unemi.edu.ec\/index.php\/wp-json\/wp\/v2\/users\/7"}],"replies":[{"embeddable":true,"href":"https:\/\/sim.unemi.edu.ec\/index.php\/wp-json\/wp\/v2\/comments?post=14673"}],"version-history":[{"count":1,"href":"https:\/\/sim.unemi.edu.ec\/index.php\/wp-json\/wp\/v2\/posts\/14673\/revisions"}],"predecessor-version":[{"id":14676,"href":"https:\/\/sim.unemi.edu.ec\/index.php\/wp-json\/wp\/v2\/posts\/14673\/revisions\/14676"}],"wp:featuredmedia":[{"embeddable":true,"href":"https:\/\/sim.unemi.edu.ec\/index.php\/wp-json\/wp\/v2\/media\/14675"}],"wp:attachment":[{"href":"https:\/\/sim.unemi.edu.ec\/index.php\/wp-json\/wp\/v2\/media?parent=14673"}],"wp:term":[{"taxonomy":"category","embeddable":true,"href":"https:\/\/sim.unemi.edu.ec\/index.php\/wp-json\/wp\/v2\/categories?post=14673"},{"taxonomy":"post_tag","embeddable":true,"href":"https:\/\/sim.unemi.edu.ec\/index.php\/wp-json\/wp\/v2\/tags?post=14673"}],"curies":[{"name":"wp","href":"https:\/\/api.w.org\/{rel}","templated":true}]}}