{"id":14693,"date":"2026-01-21T13:29:49","date_gmt":"2026-01-21T18:29:49","guid":{"rendered":"https:\/\/sim.unemi.edu.ec\/?p=14693"},"modified":"2026-01-21T13:29:50","modified_gmt":"2026-01-21T18:29:50","slug":"tragedia-en-parque-samanes-entrenador-fallecio-por-descarga-electrica","status":"publish","type":"post","link":"https:\/\/sim.unemi.edu.ec\/index.php\/2026\/01\/21\/tragedia-en-parque-samanes-entrenador-fallecio-por-descarga-electrica\/","title":{"rendered":"Tragedia en Parque Samanes: Entrenador falleci\u00f3 por descarga el\u00e9ctrica"},"content":{"rendered":"\n<p><em>La v\u00edctima se habr\u00eda aproximado a un cerco el\u00e9ctrico, tras acudir a recoger un bal\u00f3n de f\u00fatbol, cuando se registr\u00f3 el suceso.<\/em><\/p>\n\n\n\n<figure class=\"wp-block-image size-full\"><img loading=\"lazy\" decoding=\"async\" width=\"832\" height=\"468\" src=\"https:\/\/sim.unemi.edu.ec\/wp-content\/uploads\/2026\/01\/image-2.png\" alt=\"\" class=\"wp-image-14694\"\/><\/figure>\n\n\n\n<p class=\"has-small-font-size\"><em>Foto: Internet<\/em><\/p>\n\n\n\n<p class=\"has-small-font-size\">Un lamentable suceso conmocion\u00f3 a los usuarios del Parque Samanes la tarde de este martes, 20 de enero, cuando un entrenador de f\u00fatbol perdi\u00f3 la vida tras recibir una descarga el\u00e9ctrica en el \u00e1rea de canchas deportivas.<\/p>\n\n\n\n<p>La v\u00edctima fue identificada como Juan Gregorio Garc\u00e9s Lucas, quien se desempe\u00f1aba como profesor en la escuela formativa del club Naranja Mec\u00e1nica, en el norte de Guayaquil.<\/p>\n\n\n\n<p>Seg\u00fan testigos, la tragedia ocurri\u00f3 mientras Garc\u00e9s dirig\u00eda una pr\u00e1ctica con ni\u00f1os. En un momento del entrenamiento, el bal\u00f3n sali\u00f3 de los l\u00edmites del campo de juego y el profesor se dispuso a recogerlo; fue en ese instante cuando, aparentemente sin percatarse de la presencia de un cerco el\u00e9ctrico, recibi\u00f3 una fuerte descarga que le provoc\u00f3 la muerte de forma inmediata frente a los presentes.<\/p>\n\n\n\n<p>Ante lo ocurrido, la Empresa P\u00fablica Municipal de Parques (Parques EP) emiti\u00f3 un comunicado oficial lamentando profundamente el fallecimiento del ciudadano. La instituci\u00f3n inform\u00f3 que el \u00e1rea fue asegurada de inmediato para activar los protocolos de seguridad y que se mantiene una estrecha colaboraci\u00f3n con las autoridades competentes para esclarecer las circunstancias exactas del incidente.<\/p>\n\n\n\n<p>Por su parte, la Alcald\u00eda de Guayaquil y la administraci\u00f3n del parque expresaron sus condolencias a los familiares y amigos de Garc\u00e9s Lucas, asegurando que brindar\u00e1n el acompa\u00f1amiento y las facilidades necesarias en este dif\u00edcil momento. Mientras tanto, las investigaciones contin\u00faan para determinar las condiciones del cerco y las responsabilidades del mantenimiento en esta zona del parque.<br><\/p>\n\n\n\n<p class=\"has-small-font-size\"><em>Autora: Milena Mosquera Castro &#8211; Practicante del Sistema Integrado\u00a0 de Medios (SIM).<\/em><br><\/p>\n\n\n\n<p class=\"has-small-font-size\"><\/p>\n","protected":false},"excerpt":{"rendered":"<p>La v\u00edctima se habr\u00eda aproximado a un cerco el\u00e9ctrico, tras acudir a recoger un bal\u00f3n de f\u00fatbol, cuando se registr\u00f3 el suceso. Foto: Internet Un lamentable suceso conmocion\u00f3 a los usuarios del Parque Samanes la tarde de este martes, 20 de enero, cuando un entrenador de f\u00fatbol perdi\u00f3 la vida tras recibir una descarga el\u00e9ctrica [&hellip;]<\/p>\n","protected":false},"author":7,"featured_media":14695,"comment_status":"open","ping_status":"open","sticky":false,"template":"","format":"standard","meta":{"footnotes":""},"categories":[1,81],"tags":[270,149,268,271,267],"class_list":["post-14693","post","type-post","status-publish","format-standard","has-post-thumbnail","hentry","category-nacionales","category-noticias","tag-descargaelectrica","tag-futbol-2","tag-guayaquil","tag-juangregoriogarcezlucas","tag-parquesamanes"],"_links":{"self":[{"href":"https:\/\/sim.unemi.edu.ec\/index.php\/wp-json\/wp\/v2\/posts\/14693","targetHints":{"allow":["GET"]}}],"collection":[{"href":"https:\/\/sim.unemi.edu.ec\/index.php\/wp-json\/wp\/v2\/posts"}],"about":[{"href":"https:\/\/sim.unemi.edu.ec\/index.php\/wp-json\/wp\/v2\/types\/post"}],"author":[{"embeddable":true,"href":"https:\/\/sim.unemi.edu.ec\/index.php\/wp-json\/wp\/v2\/users\/7"}],"replies":[{"embeddable":true,"href":"https:\/\/sim.unemi.edu.ec\/index.php\/wp-json\/wp\/v2\/comments?post=14693"}],"version-history":[{"count":1,"href":"https:\/\/sim.unemi.edu.ec\/index.php\/wp-json\/wp\/v2\/posts\/14693\/revisions"}],"predecessor-version":[{"id":14696,"href":"https:\/\/sim.unemi.edu.ec\/index.php\/wp-json\/wp\/v2\/posts\/14693\/revisions\/14696"}],"wp:featuredmedia":[{"embeddable":true,"href":"https:\/\/sim.unemi.edu.ec\/index.php\/wp-json\/wp\/v2\/media\/14695"}],"wp:attachment":[{"href":"https:\/\/sim.unemi.edu.ec\/index.php\/wp-json\/wp\/v2\/media?parent=14693"}],"wp:term":[{"taxonomy":"category","embeddable":true,"href":"https:\/\/sim.unemi.edu.ec\/index.php\/wp-json\/wp\/v2\/categories?post=14693"},{"taxonomy":"post_tag","embeddable":true,"href":"https:\/\/sim.unemi.edu.ec\/index.php\/wp-json\/wp\/v2\/tags?post=14693"}],"curies":[{"name":"wp","href":"https:\/\/api.w.org\/{rel}","templated":true}]}}