{"id":14697,"date":"2026-01-21T14:03:52","date_gmt":"2026-01-21T19:03:52","guid":{"rendered":"https:\/\/sim.unemi.edu.ec\/?p=14697"},"modified":"2026-01-21T14:03:53","modified_gmt":"2026-01-21T19:03:53","slug":"bus-y-plataforma-chocan-en-la-via-duran-yaguachi","status":"publish","type":"post","link":"https:\/\/sim.unemi.edu.ec\/index.php\/2026\/01\/21\/bus-y-plataforma-chocan-en-la-via-duran-yaguachi\/","title":{"rendered":"Bus y plataforma chocan en la v\u00eda Dur\u00e1n-Yaguachi"},"content":{"rendered":"\n<p><em>El siniestro ocasion\u00f3 problemas en el tr\u00e1nsito vehicular, debido a los trabajos de rescate de las diferentes unidades de socorro.<\/em><\/p>\n\n\n\n<figure class=\"wp-block-image size-large\"><img loading=\"lazy\" decoding=\"async\" width=\"926\" height=\"1024\" src=\"https:\/\/sim.unemi.edu.ec\/wp-content\/uploads\/2026\/01\/image-3-926x1024.jpeg\" alt=\"\" class=\"wp-image-14700\"\/><\/figure>\n\n\n\n<p class=\"has-small-font-size\"><em>Foto: Redes Sociales<\/em><\/p>\n\n\n\n<p class=\"has-small-font-size\">La ma\u00f1ana de este martes, 21 de enero, se registr\u00f3 un fuerte siniestro de tr\u00e1nsito en el sector del redondel de \u201cLos Bancos\u201d, en la provincia del Guayas.<\/p>\n\n\n\n<p>Un bus de la cooperativa Rutas Milagre\u00f1as colision\u00f3 contra una plataforma, dejando como saldo preliminar a varias personas heridas.<\/p>\n\n\n\n<p>Debido a la magnitud del impacto, el conductor del bus qued\u00f3 atrapado en la cabina. El personal de rescate trabaj\u00f3 durante casi una hora, utilizando gr\u00faas y herramientas hidr\u00e1ulicas, para lograr su liberaci\u00f3n.<\/p>\n\n\n\n<p>Al sitio acudieron unidades de la Comisi\u00f3n de Tr\u00e1nsito del Ecuador (CTE), bomberos y Ministerio de Salud P\u00fablica, quienes coordinaron el traslado de los afectados a distintos centros hospitalarios.<\/p>\n\n\n\n<p><\/p>\n\n\n\n<p class=\"has-small-font-size\">Autora: Milena Mosquera Castro &#8211; Practicante del Sistema Integrado de Medios (SIM).<br><\/p>\n\n\n\n<p class=\"has-small-font-size\"><\/p>\n\n\n\n<p><\/p>\n","protected":false},"excerpt":{"rendered":"<p>El siniestro ocasion\u00f3 problemas en el tr\u00e1nsito vehicular, debido a los trabajos de rescate de las diferentes unidades de socorro. Foto: Redes Sociales La ma\u00f1ana de este martes, 21 de enero, se registr\u00f3 un fuerte siniestro de tr\u00e1nsito en el sector del redondel de \u201cLos Bancos\u201d, en la provincia del Guayas. Un bus de la [&hellip;]<\/p>\n","protected":false},"author":7,"featured_media":14701,"comment_status":"open","ping_status":"open","sticky":false,"template":"","format":"standard","meta":{"footnotes":""},"categories":[1,81],"tags":[272,275,277,278,276,273,274,73],"class_list":["post-14697","post","type-post","status-publish","format-standard","has-post-thumbnail","hentry","category-nacionales","category-noticias","tag-accidente","tag-choque","tag-duran","tag-guayas","tag-rutas-milagrenas","tag-siniestro","tag-transito","tag-yaguachi"],"_links":{"self":[{"href":"https:\/\/sim.unemi.edu.ec\/index.php\/wp-json\/wp\/v2\/posts\/14697","targetHints":{"allow":["GET"]}}],"collection":[{"href":"https:\/\/sim.unemi.edu.ec\/index.php\/wp-json\/wp\/v2\/posts"}],"about":[{"href":"https:\/\/sim.unemi.edu.ec\/index.php\/wp-json\/wp\/v2\/types\/post"}],"author":[{"embeddable":true,"href":"https:\/\/sim.unemi.edu.ec\/index.php\/wp-json\/wp\/v2\/users\/7"}],"replies":[{"embeddable":true,"href":"https:\/\/sim.unemi.edu.ec\/index.php\/wp-json\/wp\/v2\/comments?post=14697"}],"version-history":[{"count":1,"href":"https:\/\/sim.unemi.edu.ec\/index.php\/wp-json\/wp\/v2\/posts\/14697\/revisions"}],"predecessor-version":[{"id":14702,"href":"https:\/\/sim.unemi.edu.ec\/index.php\/wp-json\/wp\/v2\/posts\/14697\/revisions\/14702"}],"wp:featuredmedia":[{"embeddable":true,"href":"https:\/\/sim.unemi.edu.ec\/index.php\/wp-json\/wp\/v2\/media\/14701"}],"wp:attachment":[{"href":"https:\/\/sim.unemi.edu.ec\/index.php\/wp-json\/wp\/v2\/media?parent=14697"}],"wp:term":[{"taxonomy":"category","embeddable":true,"href":"https:\/\/sim.unemi.edu.ec\/index.php\/wp-json\/wp\/v2\/categories?post=14697"},{"taxonomy":"post_tag","embeddable":true,"href":"https:\/\/sim.unemi.edu.ec\/index.php\/wp-json\/wp\/v2\/tags?post=14697"}],"curies":[{"name":"wp","href":"https:\/\/api.w.org\/{rel}","templated":true}]}}