{"id":14703,"date":"2026-01-22T17:50:11","date_gmt":"2026-01-22T22:50:11","guid":{"rendered":"https:\/\/sim.unemi.edu.ec\/?p=14703"},"modified":"2026-01-22T18:00:54","modified_gmt":"2026-01-22T23:00:54","slug":"colombia-suspendio-venta-de-electricidad-a-ecuador","status":"publish","type":"post","link":"https:\/\/sim.unemi.edu.ec\/index.php\/2026\/01\/22\/colombia-suspendio-venta-de-electricidad-a-ecuador\/","title":{"rendered":"Colombia suspendi\u00f3 venta de electricidad a Ecuador"},"content":{"rendered":"\n<p><strong><em>La decisi\u00f3n se da en un momento en que el sistema el\u00e9ctrico ecustoriano depende del vecino pa\u00eds del norte para cubrir alrededor del 10% de su demanda energ\u00e9tica.<\/em><\/strong><\/p>\n\n\n\n<figure class=\"wp-block-image size-full\"><img loading=\"lazy\" decoding=\"async\" width=\"795\" height=\"448\" src=\"https:\/\/sim.unemi.edu.ec\/wp-content\/uploads\/2026\/01\/energia.jpeg\" alt=\"\" class=\"wp-image-14707\"\/><\/figure>\n\n\n\n<p class=\"has-small-font-size\"><strong>Foto:<\/strong> CNEL<\/p>\n\n\n\n<p>El Gobierno de Gustavo Petro asegura que la medida se da en un contexto marcado por la variabilidad clim\u00e1tica y las alertas tempranas sobre una posible transici\u00f3n hacia un nuevo Fen\u00f3meno de El Ni\u00f1o.<\/p>\n\n\n\n<p>\u201cCuando se restablezcan las condiciones de seguridad energ\u00e9tica y se reconstruya un marco de confianza y buena fe entre ambos pa\u00edses, Colombia estar\u00e1 dispuesta a retomar los intercambios el\u00e9ctricos\u201d, dijo el ministro de Energ\u00eda de ese pa\u00eds, Edwin Palma.<\/p>\n\n\n\n<p>El funcionario reiter\u00f3 su rechazo a&nbsp;las medidas unilaterales impuestas por el Gobierno ecuatoriano, pero dijo que conf\u00eda en que las v\u00edas diplom\u00e1ticas y el di\u00e1logo franco permitir\u00e1n superar r\u00e1pidamente superar las diferencias entre ambas naciones.<\/p>\n\n\n\n<p>Por su parte, la ministra de Ambiente y Energ\u00eda del Ecuador, In\u00e9s Manzano, anticip\u00f3 que la tarifa que nuestro pa\u00eds cobra a Colombia por transportar parte de su crudo por el Oleoducto de Crudos Pesados (OCP) tendr\u00e1 una modificaci\u00f3n, luego de que el pa\u00eds vecino suspendiera la venta de energ\u00eda el\u00e9ctrica.<\/p>\n\n\n\n<p class=\"has-small-font-size\"><strong>Autora: <\/strong>Lissette Barandica Elizondo &#8211; Practicante del Sistema Integrado de Medios (SIM).<\/p>\n\n\n\n<p><\/p>\n","protected":false},"excerpt":{"rendered":"<p>La decisi\u00f3n se da en un momento en que el sistema el\u00e9ctrico ecustoriano depende del vecino pa\u00eds del norte para cubrir alrededor del 10% de su demanda energ\u00e9tica. Foto: CNEL El Gobierno de Gustavo Petro asegura que la medida se da en un contexto marcado por la variabilidad clim\u00e1tica y las alertas tempranas sobre una [&hellip;]<\/p>\n","protected":false},"author":3,"featured_media":14706,"comment_status":"open","ping_status":"open","sticky":false,"template":"","format":"standard","meta":{"footnotes":""},"categories":[1,81],"tags":[280,185,281],"class_list":["post-14703","post","type-post","status-publish","format-standard","has-post-thumbnail","hentry","category-nacionales","category-noticias","tag-colombia","tag-ecuador","tag-energiaelectrica"],"_links":{"self":[{"href":"https:\/\/sim.unemi.edu.ec\/index.php\/wp-json\/wp\/v2\/posts\/14703","targetHints":{"allow":["GET"]}}],"collection":[{"href":"https:\/\/sim.unemi.edu.ec\/index.php\/wp-json\/wp\/v2\/posts"}],"about":[{"href":"https:\/\/sim.unemi.edu.ec\/index.php\/wp-json\/wp\/v2\/types\/post"}],"author":[{"embeddable":true,"href":"https:\/\/sim.unemi.edu.ec\/index.php\/wp-json\/wp\/v2\/users\/3"}],"replies":[{"embeddable":true,"href":"https:\/\/sim.unemi.edu.ec\/index.php\/wp-json\/wp\/v2\/comments?post=14703"}],"version-history":[{"count":3,"href":"https:\/\/sim.unemi.edu.ec\/index.php\/wp-json\/wp\/v2\/posts\/14703\/revisions"}],"predecessor-version":[{"id":14715,"href":"https:\/\/sim.unemi.edu.ec\/index.php\/wp-json\/wp\/v2\/posts\/14703\/revisions\/14715"}],"wp:featuredmedia":[{"embeddable":true,"href":"https:\/\/sim.unemi.edu.ec\/index.php\/wp-json\/wp\/v2\/media\/14706"}],"wp:attachment":[{"href":"https:\/\/sim.unemi.edu.ec\/index.php\/wp-json\/wp\/v2\/media?parent=14703"}],"wp:term":[{"taxonomy":"category","embeddable":true,"href":"https:\/\/sim.unemi.edu.ec\/index.php\/wp-json\/wp\/v2\/categories?post=14703"},{"taxonomy":"post_tag","embeddable":true,"href":"https:\/\/sim.unemi.edu.ec\/index.php\/wp-json\/wp\/v2\/tags?post=14703"}],"curies":[{"name":"wp","href":"https:\/\/api.w.org\/{rel}","templated":true}]}}