{"id":14709,"date":"2026-01-22T17:54:25","date_gmt":"2026-01-22T22:54:25","guid":{"rendered":"https:\/\/sim.unemi.edu.ec\/?p=14709"},"modified":"2026-01-22T17:54:26","modified_gmt":"2026-01-22T22:54:26","slug":"la-ue-suspende-el-acuerdo-comercial-con-ee-uu","status":"publish","type":"post","link":"https:\/\/sim.unemi.edu.ec\/index.php\/2026\/01\/22\/la-ue-suspende-el-acuerdo-comercial-con-ee-uu\/","title":{"rendered":"La UE suspende el acuerdo comercial con EE. UU."},"content":{"rendered":"\n<p><em>La medida se tom\u00f3 tras el aumento de las tensiones comerciales entre Estados Unidos y Europa, provocadas por la propuesta de Trump de adquirir Groenlandia.<\/em><\/p>\n\n\n\n<figure class=\"wp-block-image size-large\"><img loading=\"lazy\" decoding=\"async\" width=\"1024\" height=\"585\" src=\"https:\/\/sim.unemi.edu.ec\/wp-content\/uploads\/2026\/01\/trump-1024x585.png\" alt=\"\" class=\"wp-image-14710\"\/><\/figure>\n\n\n\n<p class=\"has-small-font-size\"><strong>Foto: <\/strong>BBC<\/p>\n\n\n\n<p>Es oficial. La Uni\u00f3n Europea (UE) suspendi\u00f3 el acuerdo comercial que manten\u00eda con Estados Unidos, seg\u00fan se anunci\u00f3 este mi\u00e9rcoles en Estrasburgo, Francia, casi al mismo tiempo en que el presidente norteamericano, Donald Trump, pronunciaba un discurso en el Foro Econ\u00f3mico Mundial de Davos, Suiza.<\/p>\n\n\n\n<p>La medida se tom\u00f3 tras el aumento de las tensiones comerciales entre EE. UU. y Europa, provocadas por la propuesta de Trump de adquirir Groenlandia, que sacudi\u00f3 los mercados financieros y reaviv\u00f3 los rumores de una guerra comercial y la posibilidad de represalias contra Washington por parte de la UE.<\/p>\n\n\n\n<p>Horas despu\u00e9s, Trump anunci\u00f3 en redes sociales que hab\u00eda alcanzado un \u00abacuerdo marco\u00bb sobre el futuro de Groenlandia y que no cumplir\u00eda sus amenazas de imponer nuevos aranceles a ocho miembros de la Organizaci\u00f3n del Tratado del Atl\u00e1ntico Norte (OTAN).<\/p>\n\n\n\n<p>Las tensiones comerciales entre Estados Unidos y Europa se hab\u00edan suavizado desde que ambas partes llegaron a un acuerdo en el campo de golf de Trump en Turnberry, Escocia, en julio del a\u00f1o pasado.<\/p>\n\n\n\n<p>Ese acuerdo fijaba los aranceles estadounidenses sobre la mayor\u00eda de los productos europeos en un 15 %, frente al 30 % con el que Trump hab\u00eda amenazado inicialmente como parte de su ola de aranceles del \u00abD\u00eda de la Liberaci\u00f3n\u00bb en abril.<\/p>\n\n\n\n<p>A cambio, Europa hab\u00eda acordado invertir en Estados Unidos y realizar cambios en el continente que se esperaba que impulsaran las exportaciones estadounidenses.<\/p>\n\n\n\n<p>El acuerdo a\u00fan requer\u00eda la aprobaci\u00f3n del Parlamento Europeo para convertirse en oficial.<\/p>\n\n\n\n<p class=\"has-small-font-size\"><strong>Autora: <\/strong>Mar\u00eda Isabel Salazar Mu\u00f1oz &#8211; Practicante del Sistema integrado de Medios (SIM)<\/p>\n\n\n\n<p><\/p>\n","protected":false},"excerpt":{"rendered":"<p>La medida se tom\u00f3 tras el aumento de las tensiones comerciales entre Estados Unidos y Europa, provocadas por la propuesta de Trump de adquirir Groenlandia. Foto: BBC Es oficial. La Uni\u00f3n Europea (UE) suspendi\u00f3 el acuerdo comercial que manten\u00eda con Estados Unidos, seg\u00fan se anunci\u00f3 este mi\u00e9rcoles en Estrasburgo, Francia, casi al mismo tiempo en [&hellip;]<\/p>\n","protected":false},"author":3,"featured_media":14711,"comment_status":"open","ping_status":"open","sticky":false,"template":"","format":"standard","meta":{"footnotes":""},"categories":[129,81],"tags":[283,282,284],"class_list":["post-14709","post","type-post","status-publish","format-standard","has-post-thumbnail","hentry","category-internacionales","category-noticias","tag-acuerdo-comercial","tag-donald-trump","tag-tension-comercial"],"_links":{"self":[{"href":"https:\/\/sim.unemi.edu.ec\/index.php\/wp-json\/wp\/v2\/posts\/14709","targetHints":{"allow":["GET"]}}],"collection":[{"href":"https:\/\/sim.unemi.edu.ec\/index.php\/wp-json\/wp\/v2\/posts"}],"about":[{"href":"https:\/\/sim.unemi.edu.ec\/index.php\/wp-json\/wp\/v2\/types\/post"}],"author":[{"embeddable":true,"href":"https:\/\/sim.unemi.edu.ec\/index.php\/wp-json\/wp\/v2\/users\/3"}],"replies":[{"embeddable":true,"href":"https:\/\/sim.unemi.edu.ec\/index.php\/wp-json\/wp\/v2\/comments?post=14709"}],"version-history":[{"count":1,"href":"https:\/\/sim.unemi.edu.ec\/index.php\/wp-json\/wp\/v2\/posts\/14709\/revisions"}],"predecessor-version":[{"id":14712,"href":"https:\/\/sim.unemi.edu.ec\/index.php\/wp-json\/wp\/v2\/posts\/14709\/revisions\/14712"}],"wp:featuredmedia":[{"embeddable":true,"href":"https:\/\/sim.unemi.edu.ec\/index.php\/wp-json\/wp\/v2\/media\/14711"}],"wp:attachment":[{"href":"https:\/\/sim.unemi.edu.ec\/index.php\/wp-json\/wp\/v2\/media?parent=14709"}],"wp:term":[{"taxonomy":"category","embeddable":true,"href":"https:\/\/sim.unemi.edu.ec\/index.php\/wp-json\/wp\/v2\/categories?post=14709"},{"taxonomy":"post_tag","embeddable":true,"href":"https:\/\/sim.unemi.edu.ec\/index.php\/wp-json\/wp\/v2\/tags?post=14709"}],"curies":[{"name":"wp","href":"https:\/\/api.w.org\/{rel}","templated":true}]}}