{"id":14721,"date":"2026-01-23T17:11:27","date_gmt":"2026-01-23T22:11:27","guid":{"rendered":"https:\/\/sim.unemi.edu.ec\/?p=14721"},"modified":"2026-01-23T17:12:28","modified_gmt":"2026-01-23T22:12:28","slug":"capturan-en-guayas-a-sospechoso-de-crimen-de-ecuatoriana-hallada-en-un-colchon-en-lima","status":"publish","type":"post","link":"https:\/\/sim.unemi.edu.ec\/index.php\/2026\/01\/23\/capturan-en-guayas-a-sospechoso-de-crimen-de-ecuatoriana-hallada-en-un-colchon-en-lima\/","title":{"rendered":"Capturan en Guayas a sospechoso de crimen de ecuatoriana hallada en un colch\u00f3n en Lima"},"content":{"rendered":"\n<p><strong><em>La detenci\u00f3n revela una posible red de trata de personas, mientras que autoridades de Ecuador y Per\u00fa coordinan la extradici\u00f3n del implicado.<\/em><\/strong><\/p>\n\n\n\n<figure class=\"wp-block-image size-full\"><img loading=\"lazy\" decoding=\"async\" width=\"1024\" height=\"683\" src=\"https:\/\/sim.unemi.edu.ec\/wp-content\/uploads\/2026\/01\/NOTICIA-DE-ROBO-1.jpg\" alt=\"\" class=\"wp-image-14722\"\/><\/figure>\n\n\n\n<p>La Polic\u00eda Nacional del Ecuador inform\u00f3 que este 21 de enero, en una vivienda ubicada en el sector de Siete Lagos, en Guayaquil, se logr\u00f3 la captura de Alexander F., de 24 a\u00f1os, principal sospechoso del crimen de Jennifer Lisbeth Mendoza Segura.<\/p>\n\n\n\n<p>El hecho violento, que gener\u00f3 conmoci\u00f3n internacional, fue descubierto el pasado 15 de enero en el distrito de San Mart\u00edn de Porres, en Lima, donde el cuerpo de la v\u00edctima fue abandonado dentro de un colch\u00f3n en un descampado.<\/p>\n\n\n\n<p>Al momento de su detenci\u00f3n, el aprehendido se encontraba junto a un presunto c\u00f3mplice, cuya identidad a\u00fan est\u00e1 bajo investigaci\u00f3n. Sin embargo, el operativo revel\u00f3 una estructura criminal m\u00e1s amplia dedicada a la trata de personas, que las autoridades de Per\u00fa y Ecuador indagan en detalle.<\/p>\n\n\n\n<p>Mientras las investigaciones avanzan, se mantiene una estrecha coordinaci\u00f3n internacional para agilizar el proceso de extradici\u00f3n del sospechoso hacia territorio peruano.<\/p>\n\n\n\n<p class=\"has-small-font-size\"><em><strong>Autora:<\/strong> Milena Mosquera Castro &#8211; Practicante del Sistema Integrado de Medios (SIM).<\/em><\/p>\n\n\n\n<p><\/p>\n","protected":false},"excerpt":{"rendered":"<p>La detenci\u00f3n revela una posible red de trata de personas, mientras que autoridades de Ecuador y Per\u00fa coordinan la extradici\u00f3n del implicado. La Polic\u00eda Nacional del Ecuador inform\u00f3 que este 21 de enero, en una vivienda ubicada en el sector de Siete Lagos, en Guayaquil, se logr\u00f3 la captura de Alexander F., de 24 a\u00f1os, [&hellip;]<\/p>\n","protected":false},"author":3,"featured_media":14723,"comment_status":"open","ping_status":"open","sticky":false,"template":"","format":"standard","meta":{"footnotes":""},"categories":[1],"tags":[201,185,173],"class_list":["post-14721","post","type-post","status-publish","format-standard","has-post-thumbnail","hentry","category-nacionales","tag-crimen","tag-ecuador","tag-peru"],"_links":{"self":[{"href":"https:\/\/sim.unemi.edu.ec\/index.php\/wp-json\/wp\/v2\/posts\/14721","targetHints":{"allow":["GET"]}}],"collection":[{"href":"https:\/\/sim.unemi.edu.ec\/index.php\/wp-json\/wp\/v2\/posts"}],"about":[{"href":"https:\/\/sim.unemi.edu.ec\/index.php\/wp-json\/wp\/v2\/types\/post"}],"author":[{"embeddable":true,"href":"https:\/\/sim.unemi.edu.ec\/index.php\/wp-json\/wp\/v2\/users\/3"}],"replies":[{"embeddable":true,"href":"https:\/\/sim.unemi.edu.ec\/index.php\/wp-json\/wp\/v2\/comments?post=14721"}],"version-history":[{"count":1,"href":"https:\/\/sim.unemi.edu.ec\/index.php\/wp-json\/wp\/v2\/posts\/14721\/revisions"}],"predecessor-version":[{"id":14724,"href":"https:\/\/sim.unemi.edu.ec\/index.php\/wp-json\/wp\/v2\/posts\/14721\/revisions\/14724"}],"wp:featuredmedia":[{"embeddable":true,"href":"https:\/\/sim.unemi.edu.ec\/index.php\/wp-json\/wp\/v2\/media\/14723"}],"wp:attachment":[{"href":"https:\/\/sim.unemi.edu.ec\/index.php\/wp-json\/wp\/v2\/media?parent=14721"}],"wp:term":[{"taxonomy":"category","embeddable":true,"href":"https:\/\/sim.unemi.edu.ec\/index.php\/wp-json\/wp\/v2\/categories?post=14721"},{"taxonomy":"post_tag","embeddable":true,"href":"https:\/\/sim.unemi.edu.ec\/index.php\/wp-json\/wp\/v2\/tags?post=14721"}],"curies":[{"name":"wp","href":"https:\/\/api.w.org\/{rel}","templated":true}]}}