{"id":14725,"date":"2026-01-23T17:17:07","date_gmt":"2026-01-23T22:17:07","guid":{"rendered":"https:\/\/sim.unemi.edu.ec\/?p=14725"},"modified":"2026-01-23T17:18:29","modified_gmt":"2026-01-23T22:18:29","slug":"estudiar-en-turquia-estas-becas-lo-haran-posible","status":"publish","type":"post","link":"https:\/\/sim.unemi.edu.ec\/index.php\/2026\/01\/23\/estudiar-en-turquia-estas-becas-lo-haran-posible\/","title":{"rendered":"\u00bfEstudiar en Turqu\u00eda? Estas becas lo har\u00e1n posible"},"content":{"rendered":"\n<p><strong><em>El Gobierno Nacional abri\u00f3 la convocatoria de becas para estudios en Turqu\u00eda durante el a\u00f1o 2026, dirigida a ciudadanos ecuatorianos que deseen continuar su formaci\u00f3n acad\u00e9mica en universidades de ese pa\u00eds, inform\u00f3 el Ministerio de Relaciones Exteriores.<\/em><\/strong><br><\/p>\n\n\n\n<figure class=\"wp-block-image size-large\"><img loading=\"lazy\" decoding=\"async\" width=\"1024\" height=\"683\" src=\"https:\/\/sim.unemi.edu.ec\/wp-content\/uploads\/2026\/01\/NOTICIAS-3-1-1024x683.jpg\" alt=\"\" class=\"wp-image-14726\"\/><\/figure>\n\n\n\n<p>La convocatoria est\u00e1 disponible sin l\u00edmite de edad y permite postular a programas de grado asociado, pregrado, maestr\u00eda, doctorado y procesos de investigaci\u00f3n en distintas instituciones de educaci\u00f3n superior turcas.<\/p>\n\n\n\n<p>El proceso de postulaci\u00f3n se realiza de forma directa y en l\u00ednea a trav\u00e9s del portal oficial www.turkiyeburslari.gov.tr, y estar\u00e1 habilitado hasta el 20 de febrero.<\/p>\n\n\n\n<p>Seg\u00fan la Canciller\u00eda, los seleccionados acceder\u00e1n a un paquete completo de beneficios, que incluye matr\u00edcula universitaria, estipendio mensual, alojamiento gratuito, seguro m\u00e9dico, pasajes a\u00e9reos de ida y retorno al finalizar los estudios, adem\u00e1s de un curso de idioma turco durante un a\u00f1o.<\/p>\n\n\n\n<p>Como parte del proceso, el viernes 23 de enero se realizar\u00e1 una conferencia virtual para detallar los requisitos y condiciones de la beca. Los interesados deber\u00e1n registrarse previamente a trav\u00e9s del correo info@maarifschools.org, indic\u00f3 la Canciller\u00eda.<\/p>\n\n\n\n<p class=\"has-small-font-size\"><em><strong>Autora: <\/strong>Lisbeth Alvarado Sernaque &#8211; Practicante del Sistema Integrado de Medios (SIM).<\/em><\/p>\n","protected":false},"excerpt":{"rendered":"<p>El Gobierno Nacional abri\u00f3 la convocatoria de becas para estudios en Turqu\u00eda durante el a\u00f1o 2026, dirigida a ciudadanos ecuatorianos que deseen continuar su formaci\u00f3n acad\u00e9mica en universidades de ese pa\u00eds, inform\u00f3 el Ministerio de Relaciones Exteriores. La convocatoria est\u00e1 disponible sin l\u00edmite de edad y permite postular a programas de grado asociado, pregrado, maestr\u00eda, [&hellip;]<\/p>\n","protected":false},"author":3,"featured_media":14728,"comment_status":"open","ping_status":"open","sticky":false,"template":"","format":"standard","meta":{"footnotes":""},"categories":[129],"tags":[288,287,289],"class_list":["post-14725","post","type-post","status-publish","format-standard","has-post-thumbnail","hentry","category-internacionales","tag-becas","tag-estudios-en-el-exterior","tag-turquia"],"_links":{"self":[{"href":"https:\/\/sim.unemi.edu.ec\/index.php\/wp-json\/wp\/v2\/posts\/14725","targetHints":{"allow":["GET"]}}],"collection":[{"href":"https:\/\/sim.unemi.edu.ec\/index.php\/wp-json\/wp\/v2\/posts"}],"about":[{"href":"https:\/\/sim.unemi.edu.ec\/index.php\/wp-json\/wp\/v2\/types\/post"}],"author":[{"embeddable":true,"href":"https:\/\/sim.unemi.edu.ec\/index.php\/wp-json\/wp\/v2\/users\/3"}],"replies":[{"embeddable":true,"href":"https:\/\/sim.unemi.edu.ec\/index.php\/wp-json\/wp\/v2\/comments?post=14725"}],"version-history":[{"count":1,"href":"https:\/\/sim.unemi.edu.ec\/index.php\/wp-json\/wp\/v2\/posts\/14725\/revisions"}],"predecessor-version":[{"id":14727,"href":"https:\/\/sim.unemi.edu.ec\/index.php\/wp-json\/wp\/v2\/posts\/14725\/revisions\/14727"}],"wp:featuredmedia":[{"embeddable":true,"href":"https:\/\/sim.unemi.edu.ec\/index.php\/wp-json\/wp\/v2\/media\/14728"}],"wp:attachment":[{"href":"https:\/\/sim.unemi.edu.ec\/index.php\/wp-json\/wp\/v2\/media?parent=14725"}],"wp:term":[{"taxonomy":"category","embeddable":true,"href":"https:\/\/sim.unemi.edu.ec\/index.php\/wp-json\/wp\/v2\/categories?post=14725"},{"taxonomy":"post_tag","embeddable":true,"href":"https:\/\/sim.unemi.edu.ec\/index.php\/wp-json\/wp\/v2\/tags?post=14725"}],"curies":[{"name":"wp","href":"https:\/\/api.w.org\/{rel}","templated":true}]}}