{"id":14729,"date":"2026-01-26T12:35:53","date_gmt":"2026-01-26T17:35:53","guid":{"rendered":"https:\/\/sim.unemi.edu.ec\/?p=14729"},"modified":"2026-01-26T14:14:17","modified_gmt":"2026-01-26T19:14:17","slug":"amplias-protestas-en-ee-uu-tras-la-muerte-de-manifestante-en-mineapolis","status":"publish","type":"post","link":"https:\/\/sim.unemi.edu.ec\/index.php\/2026\/01\/26\/amplias-protestas-en-ee-uu-tras-la-muerte-de-manifestante-en-mineapolis\/","title":{"rendered":"Amplias protestas en EE. UU. tras la muerte de manifestante en Mine\u00e1polis"},"content":{"rendered":"\n<p>La muerte del ciudadano estadounidense Alex Pretti, de 37 a\u00f1os, a manos de agentes federales de inmigraci\u00f3n en Mine\u00e1polis, ha desatado una ola de protestas y fuertes cr\u00edticas en Estados Unidos, elevando la tensi\u00f3n sobre las redadas migratorias.<\/p>\n\n\n\n<figure class=\"wp-block-image size-full\"><img loading=\"lazy\" decoding=\"async\" width=\"720\" height=\"405\" src=\"https:\/\/sim.unemi.edu.ec\/wp-content\/uploads\/2026\/01\/image-4.jpeg\" alt=\"\" class=\"wp-image-14730\"\/><\/figure>\n\n\n\n<p class=\"has-small-font-size\"><em>Foto: AFP<\/em><\/p>\n\n\n\n<p class=\"has-medium-font-size\">Medios locales e internacionales informan que el s\u00e1bado por la ma\u00f1ana, durante una operaci\u00f3n de agentes federales del Servicio de Inmigraci\u00f3n y Control de Aduanas (ICE), Pretti, un enfermero de cuidados intensivos, fue disparado y muerto en el centro de Minneapolis.<\/p>\n\n\n\n<p>Im\u00e1genes de video grabadas por transe\u00fantes muestran que Pretti sosten\u00eda un tel\u00e9fono m\u00f3vil y no un arma en los momentos previos al enfrentamiento, lo que contradice la versi\u00f3n oficial de las autoridades federales, que afirmaron que se trat\u00f3 de un acto de defensa propia.<\/p>\n\n\n\n<p>La muerte de Pretti ocurre menos de tres semanas despu\u00e9s del tiroteo fatal de otra residente, Ren\u00e9e Good, por parte de un agente federal, lo que ha intensificado el malestar p\u00fablico. Las protestas se han extendido por Mine\u00e1polis y otras ciudades del pa\u00eds, con manifestantes exigiendo la salida de los agentes de inmigraci\u00f3n y responsabilidades sobre el uso de la fuerza.<\/p>\n\n\n\n<p class=\"has-medium-font-size\">Autoridades locales y estatales, incluido el gobernador de Minnesota, han condenado la muerte y solicitado investigaciones independientes, mientras que el presidente Donald Trump asegur\u00f3 que su administraci\u00f3n est\u00e1 \u201crevisando todo\u201d sobre el caso.<\/p>\n\n\n\n<p class=\"has-small-font-size\"><em>Autora: Lisbeth Alvarado Sernaque &#8211; Practicante del Sistema Integrado de Medios (SIM).<\/em><\/p>\n\n\n\n<p class=\"has-small-font-size\"><\/p>\n","protected":false},"excerpt":{"rendered":"<p>La muerte del ciudadano estadounidense Alex Pretti, de 37 a\u00f1os, a manos de agentes federales de inmigraci\u00f3n en Mine\u00e1polis, ha desatado una ola de protestas y fuertes cr\u00edticas en Estados Unidos, elevando la tensi\u00f3n sobre las redadas migratorias. Foto: AFP Medios locales e internacionales informan que el s\u00e1bado por la ma\u00f1ana, durante una operaci\u00f3n de [&hellip;]<\/p>\n","protected":false},"author":7,"featured_media":14731,"comment_status":"open","ping_status":"open","sticky":false,"template":"","format":"standard","meta":{"footnotes":""},"categories":[129,81],"tags":[292,293,290],"class_list":["post-14729","post","type-post","status-publish","format-standard","has-post-thumbnail","hentry","category-internacionales","category-noticias","tag-alexpretti","tag-eeuu-2","tag-protestas"],"_links":{"self":[{"href":"https:\/\/sim.unemi.edu.ec\/index.php\/wp-json\/wp\/v2\/posts\/14729","targetHints":{"allow":["GET"]}}],"collection":[{"href":"https:\/\/sim.unemi.edu.ec\/index.php\/wp-json\/wp\/v2\/posts"}],"about":[{"href":"https:\/\/sim.unemi.edu.ec\/index.php\/wp-json\/wp\/v2\/types\/post"}],"author":[{"embeddable":true,"href":"https:\/\/sim.unemi.edu.ec\/index.php\/wp-json\/wp\/v2\/users\/7"}],"replies":[{"embeddable":true,"href":"https:\/\/sim.unemi.edu.ec\/index.php\/wp-json\/wp\/v2\/comments?post=14729"}],"version-history":[{"count":2,"href":"https:\/\/sim.unemi.edu.ec\/index.php\/wp-json\/wp\/v2\/posts\/14729\/revisions"}],"predecessor-version":[{"id":14734,"href":"https:\/\/sim.unemi.edu.ec\/index.php\/wp-json\/wp\/v2\/posts\/14729\/revisions\/14734"}],"wp:featuredmedia":[{"embeddable":true,"href":"https:\/\/sim.unemi.edu.ec\/index.php\/wp-json\/wp\/v2\/media\/14731"}],"wp:attachment":[{"href":"https:\/\/sim.unemi.edu.ec\/index.php\/wp-json\/wp\/v2\/media?parent=14729"}],"wp:term":[{"taxonomy":"category","embeddable":true,"href":"https:\/\/sim.unemi.edu.ec\/index.php\/wp-json\/wp\/v2\/categories?post=14729"},{"taxonomy":"post_tag","embeddable":true,"href":"https:\/\/sim.unemi.edu.ec\/index.php\/wp-json\/wp\/v2\/tags?post=14729"}],"curies":[{"name":"wp","href":"https:\/\/api.w.org\/{rel}","templated":true}]}}