{"id":14735,"date":"2026-01-26T13:16:13","date_gmt":"2026-01-26T18:16:13","guid":{"rendered":"https:\/\/sim.unemi.edu.ec\/?p=14735"},"modified":"2026-01-26T14:12:13","modified_gmt":"2026-01-26T19:12:13","slug":"ataque-con-fusiles-en-la-aurora-nueva-masacre-deja-cuatro-fallecidos-y-dos-heridos","status":"publish","type":"post","link":"https:\/\/sim.unemi.edu.ec\/index.php\/2026\/01\/26\/ataque-con-fusiles-en-la-aurora-nueva-masacre-deja-cuatro-fallecidos-y-dos-heridos\/","title":{"rendered":"Ataque con fusiles en La Aurora: Nueva masacre deja cuatro fallecidos y dos heridos"},"content":{"rendered":"\n<p>Un grupo de personas que se encontraba departiendo en la v\u00eda p\u00fablica fue atacado por desconocidos armados con fusiles y pistolas, dejando como saldo tres hombres y una mujer fallecidos.<\/p>\n\n\n\n<figure class=\"wp-block-image size-large\"><img loading=\"lazy\" decoding=\"async\" width=\"1024\" height=\"576\" src=\"https:\/\/sim.unemi.edu.ec\/wp-content\/uploads\/2026\/01\/aurora-1024x576.jpg\" alt=\"\" class=\"wp-image-14736\"\/><\/figure>\n\n\n\n<p class=\"has-small-font-size\"><em>Fuente: Redes Sociales<\/em><\/p>\n\n\n\n<p>La parroquia La Aurora, en el cant\u00f3n Daule, fue escenario de una violenta matanza la noche de este domingo 25 de enero. Aproximadamente a las 22:00, un grupo de personas que se encontraba departiendo en la v\u00eda p\u00fablica fue atacado por desconocidos armados con fusiles y pistolas, dejando como saldo tres hombres y una mujer fallecidos.<\/p>\n\n\n\n<p>Seg\u00fan las declaraciones de Santiago Luna, jefe subrogante del Distrito Daule, las v\u00edctimas estaban libando junto a un veh\u00edculo con el cap\u00f3 abierto cuando fueron sorprendidas por los disparos. Adem\u00e1s de las v\u00edctimas mortales, otras dos personas resultaron heridas en el tiroteo; una fue trasladada a un centro m\u00e9dico privado en La Aurora y la otra a un hospital en Dur\u00e1n, activ\u00e1ndose de inmediato el C\u00f3digo Plata para resguardar dichas casas de salud.<\/p>\n\n\n\n<p>Agentes de Criminal\u00edstica recolectaron decenas de indicios bal\u00edsticos esparcidos en la calzada hasta cerca de la medianoche. Las primeras indagaciones sugieren que los fallecidos resid\u00edan en una urbanizaci\u00f3n cercana al lugar del crimen. Mientras los familiares de los tres hombres acudieron a la escena para identificarlos, el cuerpo de la mujer permanec\u00eda sin ser reclamado hasta el cierre del operativo.<\/p>\n\n\n\n<p>Efectivos de las Fuerzas Armadas se desplegaron en la zona para apoyar las labores policiales y el levantamiento de los cad\u00e1veres, que concluy\u00f3 alrededor de las 02:00. Las autoridades ya analizan las c\u00e1maras de videovigilancia del sector para intentar identificar a los responsables y determinar las motivaciones detr\u00e1s de este nuevo hecho de sangre.<\/p>\n\n\n\n<p class=\"has-small-font-size\"><em>Autora: Milena Mosquera Castro\/ Practicante del Sistema Integrado de Medios (SIM)<\/em><br><\/p>\n","protected":false},"excerpt":{"rendered":"<p>Un grupo de personas que se encontraba departiendo en la v\u00eda p\u00fablica fue atacado por desconocidos armados con fusiles y pistolas, dejando como saldo tres hombres y una mujer fallecidos. Fuente: Redes Sociales La parroquia La Aurora, en el cant\u00f3n Daule, fue escenario de una violenta matanza la noche de este domingo 25 de enero. [&hellip;]<\/p>\n","protected":false},"author":7,"featured_media":14737,"comment_status":"open","ping_status":"open","sticky":false,"template":"","format":"standard","meta":{"footnotes":""},"categories":[1,81],"tags":[294,252,295,146],"class_list":["post-14735","post","type-post","status-publish","format-standard","has-post-thumbnail","hentry","category-nacionales","category-noticias","tag-daule","tag-ecuadorelecciones","tag-fusiles","tag-violencia"],"_links":{"self":[{"href":"https:\/\/sim.unemi.edu.ec\/index.php\/wp-json\/wp\/v2\/posts\/14735","targetHints":{"allow":["GET"]}}],"collection":[{"href":"https:\/\/sim.unemi.edu.ec\/index.php\/wp-json\/wp\/v2\/posts"}],"about":[{"href":"https:\/\/sim.unemi.edu.ec\/index.php\/wp-json\/wp\/v2\/types\/post"}],"author":[{"embeddable":true,"href":"https:\/\/sim.unemi.edu.ec\/index.php\/wp-json\/wp\/v2\/users\/7"}],"replies":[{"embeddable":true,"href":"https:\/\/sim.unemi.edu.ec\/index.php\/wp-json\/wp\/v2\/comments?post=14735"}],"version-history":[{"count":1,"href":"https:\/\/sim.unemi.edu.ec\/index.php\/wp-json\/wp\/v2\/posts\/14735\/revisions"}],"predecessor-version":[{"id":14738,"href":"https:\/\/sim.unemi.edu.ec\/index.php\/wp-json\/wp\/v2\/posts\/14735\/revisions\/14738"}],"wp:featuredmedia":[{"embeddable":true,"href":"https:\/\/sim.unemi.edu.ec\/index.php\/wp-json\/wp\/v2\/media\/14737"}],"wp:attachment":[{"href":"https:\/\/sim.unemi.edu.ec\/index.php\/wp-json\/wp\/v2\/media?parent=14735"}],"wp:term":[{"taxonomy":"category","embeddable":true,"href":"https:\/\/sim.unemi.edu.ec\/index.php\/wp-json\/wp\/v2\/categories?post=14735"},{"taxonomy":"post_tag","embeddable":true,"href":"https:\/\/sim.unemi.edu.ec\/index.php\/wp-json\/wp\/v2\/tags?post=14735"}],"curies":[{"name":"wp","href":"https:\/\/api.w.org\/{rel}","templated":true}]}}