{"id":14743,"date":"2026-01-26T17:37:38","date_gmt":"2026-01-26T22:37:38","guid":{"rendered":"https:\/\/sim.unemi.edu.ec\/?p=14743"},"modified":"2026-01-26T17:37:52","modified_gmt":"2026-01-26T22:37:52","slug":"paralizacion-en-orellana-por-traspaso-del-bloque-14","status":"publish","type":"post","link":"https:\/\/sim.unemi.edu.ec\/index.php\/2026\/01\/26\/paralizacion-en-orellana-por-traspaso-del-bloque-14\/","title":{"rendered":"Paralizaci\u00f3n en Orellana por traspaso del Bloque 14"},"content":{"rendered":"\n<p><em>La protesta indefinida de comunidades incluye bloqueos de v\u00edas y suspensi\u00f3n de actividades en zonas cercanas al campo petrolero.<\/em><\/p>\n\n\n\n<figure class=\"wp-block-image size-full\"><img loading=\"lazy\" decoding=\"async\" width=\"929\" height=\"539\" src=\"https:\/\/sim.unemi.edu.ec\/wp-content\/uploads\/2026\/01\/foto-rd.jpg\" alt=\"\" class=\"wp-image-14744\"\/><\/figure>\n\n\n\n<p>Una serie de protestas se registr\u00f3 en la provincia de Orellana, donde comunidades y nacionalidades amaz\u00f3nicas decidieron paralizar actividades en rechazo al cambio de operador del Bloque petrolero 14, actualmente administrado por Petrochina y que pasar\u00e1 a manos de la empresa estatal Petroecuador.<\/p>\n\n\n\n<p>La medida incluy\u00f3 el cierre de v\u00edas y la interrupci\u00f3n de labores en sectores cercanos al campo petrolero. Los manifestantes expresaron su inconformidad por no haber sido informados ni consultados sobre el proceso de transici\u00f3n, al se\u00f1alar que las comunidades directamente impactadas por la actividad extractiva no fueron tomadas en cuenta.<\/p>\n\n\n\n<p>Voceros comunitarios anunciaron que la protesta se mantendr\u00e1 por tiempo indefinido mientras no se instale una mesa de di\u00e1logo con las autoridades competentes, que permita discutir sus exigencias y aclarar las implicaciones del cambio operativo. En respuesta, el Ministerio del sector indic\u00f3 que el traspaso del Bloque 14 forma parte de una estrategia estatal para recuperar y administrar directamente \u00e1reas consideradas estrat\u00e9gicas.<\/p>\n\n\n\n<p class=\"has-small-font-size\"><em><strong>Autora:<\/strong> Lisbeth Alvarado Sernaque &#8211; Practicante del Sistema Integrado de Medios ( SIM).<\/em><\/p>\n\n\n\n<p><\/p>\n","protected":false},"excerpt":{"rendered":"<p>La protesta indefinida de comunidades incluye bloqueos de v\u00edas y suspensi\u00f3n de actividades en zonas cercanas al campo petrolero. Una serie de protestas se registr\u00f3 en la provincia de Orellana, donde comunidades y nacionalidades amaz\u00f3nicas decidieron paralizar actividades en rechazo al cambio de operador del Bloque petrolero 14, actualmente administrado por Petrochina y que pasar\u00e1 [&hellip;]<\/p>\n","protected":false},"author":3,"featured_media":14745,"comment_status":"open","ping_status":"open","sticky":false,"template":"","format":"standard","meta":{"footnotes":""},"categories":[1],"tags":[297,296,298],"class_list":["post-14743","post","type-post","status-publish","format-standard","has-post-thumbnail","hentry","category-nacionales","tag-bloque-14","tag-orellana","tag-petroleo"],"_links":{"self":[{"href":"https:\/\/sim.unemi.edu.ec\/index.php\/wp-json\/wp\/v2\/posts\/14743","targetHints":{"allow":["GET"]}}],"collection":[{"href":"https:\/\/sim.unemi.edu.ec\/index.php\/wp-json\/wp\/v2\/posts"}],"about":[{"href":"https:\/\/sim.unemi.edu.ec\/index.php\/wp-json\/wp\/v2\/types\/post"}],"author":[{"embeddable":true,"href":"https:\/\/sim.unemi.edu.ec\/index.php\/wp-json\/wp\/v2\/users\/3"}],"replies":[{"embeddable":true,"href":"https:\/\/sim.unemi.edu.ec\/index.php\/wp-json\/wp\/v2\/comments?post=14743"}],"version-history":[{"count":1,"href":"https:\/\/sim.unemi.edu.ec\/index.php\/wp-json\/wp\/v2\/posts\/14743\/revisions"}],"predecessor-version":[{"id":14746,"href":"https:\/\/sim.unemi.edu.ec\/index.php\/wp-json\/wp\/v2\/posts\/14743\/revisions\/14746"}],"wp:featuredmedia":[{"embeddable":true,"href":"https:\/\/sim.unemi.edu.ec\/index.php\/wp-json\/wp\/v2\/media\/14745"}],"wp:attachment":[{"href":"https:\/\/sim.unemi.edu.ec\/index.php\/wp-json\/wp\/v2\/media?parent=14743"}],"wp:term":[{"taxonomy":"category","embeddable":true,"href":"https:\/\/sim.unemi.edu.ec\/index.php\/wp-json\/wp\/v2\/categories?post=14743"},{"taxonomy":"post_tag","embeddable":true,"href":"https:\/\/sim.unemi.edu.ec\/index.php\/wp-json\/wp\/v2\/tags?post=14743"}],"curies":[{"name":"wp","href":"https:\/\/api.w.org\/{rel}","templated":true}]}}