{"id":14774,"date":"2026-01-27T12:17:28","date_gmt":"2026-01-27T17:17:28","guid":{"rendered":"https:\/\/sim.unemi.edu.ec\/?p=14774"},"modified":"2026-01-27T15:08:32","modified_gmt":"2026-01-27T20:08:32","slug":"francia-acelera-ley-para-restringir-redes-sociales-a-menores-de-15-anos","status":"publish","type":"post","link":"https:\/\/sim.unemi.edu.ec\/index.php\/2026\/01\/27\/francia-acelera-ley-para-restringir-redes-sociales-a-menores-de-15-anos\/","title":{"rendered":"Francia acelera ley para restringir redes sociales a menores de 15 a\u00f1os"},"content":{"rendered":"\n<p><em>La iniciativa busca proteger la salud mental infantil y regular el uso de celulares en colegios. El proyecto legislativo avanza con amplio respaldo pol\u00edtico.<\/em><\/p>\n\n\n\n<figure class=\"wp-block-image size-full\"><img loading=\"lazy\" decoding=\"async\" width=\"920\" height=\"613\" src=\"https:\/\/sim.unemi.edu.ec\/wp-content\/uploads\/2026\/01\/image-3.png\" alt=\"\" class=\"wp-image-14775\"\/><\/figure>\n\n\n\n<p class=\"has-small-font-size\"><em><strong>Foto: <\/strong>SomosJuJuiWeb<\/em><\/p>\n\n\n\n<p>Francia dio un paso decisivo en el debate sobre el impacto de las redes sociales en la infancia. La Asamblea Nacional aprob\u00f3 un proyecto de ley que busca prohibir el acceso a plataformas digitales a menores de 15 a\u00f1os, una iniciativa que ser\u00e1 tramitada mediante un procedimiento acelerado impulsado por el presidente Emmanuel Macron.<\/p>\n\n\n\n<p>La propuesta surge tras a\u00f1os de discusi\u00f3n sobre los efectos negativos del uso intensivo de redes sociales en la salud mental y el desarrollo f\u00edsico de ni\u00f1os y adolescentes. El texto legislativo tambi\u00e9n contempla la restricci\u00f3n del uso de tel\u00e9fonos m\u00f3viles dentro de los colegios secundarios, una medida que refuerza la pol\u00edtica de desconexi\u00f3n digital en el entorno educativo.<\/p>\n\n\n\n<p>La diputada Laure Miller, autora del proyecto, defendi\u00f3 la iniciativa al se\u00f1alar que la normativa pretende marcar un l\u00edmite claro frente a herramientas que, seg\u00fan afirm\u00f3, han fragmentado la atenci\u00f3n, saturado la informaci\u00f3n y generado din\u00e1micas de aislamiento entre los j\u00f3venes.<\/p>\n\n\n\n<p>El respaldo parlamentario fue amplio, lo que refleja un consenso pol\u00edtico poco habitual en torno a la necesidad de regular el entorno digital. De concretarse, Francia se sumar\u00eda a un reducido grupo de pa\u00edses que han optado por prohibiciones directas como mecanismo de protecci\u00f3n a la infancia frente a los riesgos del ecosistema digital.<\/p>\n\n\n\n<p class=\"has-small-font-size\"><em><strong>Autora: <\/strong>Maria Isabel Salazar Mu\u00f1oz &#8211; Praticante del Sistema Integrado de Medios (SIM).<\/em><br><\/p>\n","protected":false},"excerpt":{"rendered":"<p>La iniciativa busca proteger la salud mental infantil y regular el uso de celulares en colegios. El proyecto legislativo avanza con amplio respaldo pol\u00edtico. Foto: SomosJuJuiWeb Francia dio un paso decisivo en el debate sobre el impacto de las redes sociales en la infancia. La Asamblea Nacional aprob\u00f3 un proyecto de ley que busca prohibir [&hellip;]<\/p>\n","protected":false},"author":7,"featured_media":14776,"comment_status":"open","ping_status":"open","sticky":false,"template":"","format":"standard","meta":{"footnotes":""},"categories":[265,81],"tags":[302,299,303,300,304],"class_list":["post-14774","post","type-post","status-publish","format-standard","has-post-thumbnail","hentry","category-internacional","category-noticias","tag-emmanuelmacron-2","tag-francia-2","tag-menoresdeedad","tag-prohibicion","tag-redessociales"],"_links":{"self":[{"href":"https:\/\/sim.unemi.edu.ec\/index.php\/wp-json\/wp\/v2\/posts\/14774","targetHints":{"allow":["GET"]}}],"collection":[{"href":"https:\/\/sim.unemi.edu.ec\/index.php\/wp-json\/wp\/v2\/posts"}],"about":[{"href":"https:\/\/sim.unemi.edu.ec\/index.php\/wp-json\/wp\/v2\/types\/post"}],"author":[{"embeddable":true,"href":"https:\/\/sim.unemi.edu.ec\/index.php\/wp-json\/wp\/v2\/users\/7"}],"replies":[{"embeddable":true,"href":"https:\/\/sim.unemi.edu.ec\/index.php\/wp-json\/wp\/v2\/comments?post=14774"}],"version-history":[{"count":3,"href":"https:\/\/sim.unemi.edu.ec\/index.php\/wp-json\/wp\/v2\/posts\/14774\/revisions"}],"predecessor-version":[{"id":14790,"href":"https:\/\/sim.unemi.edu.ec\/index.php\/wp-json\/wp\/v2\/posts\/14774\/revisions\/14790"}],"wp:featuredmedia":[{"embeddable":true,"href":"https:\/\/sim.unemi.edu.ec\/index.php\/wp-json\/wp\/v2\/media\/14776"}],"wp:attachment":[{"href":"https:\/\/sim.unemi.edu.ec\/index.php\/wp-json\/wp\/v2\/media?parent=14774"}],"wp:term":[{"taxonomy":"category","embeddable":true,"href":"https:\/\/sim.unemi.edu.ec\/index.php\/wp-json\/wp\/v2\/categories?post=14774"},{"taxonomy":"post_tag","embeddable":true,"href":"https:\/\/sim.unemi.edu.ec\/index.php\/wp-json\/wp\/v2\/tags?post=14774"}],"curies":[{"name":"wp","href":"https:\/\/api.w.org\/{rel}","templated":true}]}}