{"id":14782,"date":"2026-01-27T12:44:05","date_gmt":"2026-01-27T17:44:05","guid":{"rendered":"https:\/\/sim.unemi.edu.ec\/?p=14782"},"modified":"2026-01-27T15:06:05","modified_gmt":"2026-01-27T20:06:05","slug":"triple-crimen-sacude-al-norte-de-quito","status":"publish","type":"post","link":"https:\/\/sim.unemi.edu.ec\/index.php\/2026\/01\/27\/triple-crimen-sacude-al-norte-de-quito\/","title":{"rendered":"Triple crimen sacude al norte de Quito"},"content":{"rendered":"\n<p><strong><em>Tres hombres fueron asesinados y abandonados en una quebrada de Oyacoto. Las autoridades analizan indicios y revisan c\u00e1maras de seguridad.<\/em><\/strong><\/p>\n\n\n\n<figure class=\"wp-block-image size-large\"><img loading=\"lazy\" decoding=\"async\" width=\"1024\" height=\"562\" src=\"https:\/\/sim.unemi.edu.ec\/wp-content\/uploads\/2026\/01\/image-5-1024x562.jpeg\" alt=\"\" class=\"wp-image-14783\"\/><\/figure>\n\n\n\n<p class=\"has-small-font-size\"><em><strong>Foto: <\/strong>Redes Sociales<\/em><\/p>\n\n\n\n<p>Un nuevo hecho violento sacudi\u00f3 al norte de Quito tras el hallazgo de los cuerpos de tres hombres asesinados con arma de fuego en una quebrada del sector de Oyacoto, en la comuna de Santa Anita. El crimen gener\u00f3 alarma entre los habitantes de la zona, quienes alertaron a las autoridades luego de escuchar detonaciones.<\/p>\n\n\n\n<p>De acuerdo con informaci\u00f3n preliminar de la Polic\u00eda Nacional, las v\u00edctimas habr\u00edan sido atacadas por individuos que se movilizaban en un veh\u00edculo tipo SUV de color negro. Tras el ataque, los cuerpos fueron abandonados en la quebrada, donde posteriormente fueron localizados.<\/p>\n\n\n\n<p>Personal policial confirm\u00f3 que los fallecidos presentaban m\u00faltiples impactos de bala, por lo que una de las principales l\u00edneas de investigaci\u00f3n apunta a un presunto caso de sicariato. En la escena se levantaron indicios bal\u00edsticos y se encontraron tel\u00e9fonos celulares, que ser\u00e1n sometidos a an\u00e1lisis pericial para reconstruir la din\u00e1mica del crimen.<\/p>\n\n\n\n<p>El comandante de la Zona 9, Patricio Armend\u00e1riz, indic\u00f3 que dos de las v\u00edctimas registraban antecedentes penales, mientras que la identidad del tercer fallecido a\u00fan no ha sido determinada. Paralelamente, equipos investigativos recaban testimonios de moradores y revisan c\u00e1maras de seguridad del sector.<\/p>\n\n\n\n<p>Este triple homicidio vuelve a encender las alertas sobre la inseguridad en el norte de la capital, mientras las autoridades intensifican los operativos para dar con los responsables.<\/p>\n\n\n\n<p class=\"has-small-font-size\"><em><strong>Autora:<\/strong> Lisbeth Alvarado Sernaque &#8211; Practicante del Sistema Integrado de Medios (SIM).<\/em><\/p>\n","protected":false},"excerpt":{"rendered":"<p>Tres hombres fueron asesinados y abandonados en una quebrada de Oyacoto. Las autoridades analizan indicios y revisan c\u00e1maras de seguridad. Foto: Redes Sociales Un nuevo hecho violento sacudi\u00f3 al norte de Quito tras el hallazgo de los cuerpos de tres hombres asesinados con arma de fuego en una quebrada del sector de Oyacoto, en la [&hellip;]<\/p>\n","protected":false},"author":7,"featured_media":14784,"comment_status":"open","ping_status":"open","sticky":false,"template":"","format":"standard","meta":{"footnotes":""},"categories":[1,81],"tags":[310,250,309,146],"class_list":["post-14782","post","type-post","status-publish","format-standard","has-post-thumbnail","hentry","category-nacionales","category-noticias","tag-fallecidos","tag-inseguridad","tag-quito","tag-violencia"],"_links":{"self":[{"href":"https:\/\/sim.unemi.edu.ec\/index.php\/wp-json\/wp\/v2\/posts\/14782","targetHints":{"allow":["GET"]}}],"collection":[{"href":"https:\/\/sim.unemi.edu.ec\/index.php\/wp-json\/wp\/v2\/posts"}],"about":[{"href":"https:\/\/sim.unemi.edu.ec\/index.php\/wp-json\/wp\/v2\/types\/post"}],"author":[{"embeddable":true,"href":"https:\/\/sim.unemi.edu.ec\/index.php\/wp-json\/wp\/v2\/users\/7"}],"replies":[{"embeddable":true,"href":"https:\/\/sim.unemi.edu.ec\/index.php\/wp-json\/wp\/v2\/comments?post=14782"}],"version-history":[{"count":2,"href":"https:\/\/sim.unemi.edu.ec\/index.php\/wp-json\/wp\/v2\/posts\/14782\/revisions"}],"predecessor-version":[{"id":14787,"href":"https:\/\/sim.unemi.edu.ec\/index.php\/wp-json\/wp\/v2\/posts\/14782\/revisions\/14787"}],"wp:featuredmedia":[{"embeddable":true,"href":"https:\/\/sim.unemi.edu.ec\/index.php\/wp-json\/wp\/v2\/media\/14784"}],"wp:attachment":[{"href":"https:\/\/sim.unemi.edu.ec\/index.php\/wp-json\/wp\/v2\/media?parent=14782"}],"wp:term":[{"taxonomy":"category","embeddable":true,"href":"https:\/\/sim.unemi.edu.ec\/index.php\/wp-json\/wp\/v2\/categories?post=14782"},{"taxonomy":"post_tag","embeddable":true,"href":"https:\/\/sim.unemi.edu.ec\/index.php\/wp-json\/wp\/v2\/tags?post=14782"}],"curies":[{"name":"wp","href":"https:\/\/api.w.org\/{rel}","templated":true}]}}