{"id":14791,"date":"2026-01-28T12:32:41","date_gmt":"2026-01-28T17:32:41","guid":{"rendered":"https:\/\/sim.unemi.edu.ec\/?p=14791"},"modified":"2026-01-28T12:32:41","modified_gmt":"2026-01-28T17:32:41","slug":"dictan-40-anos-de-prision-para-asesino-de-un-adulto-mayor-en-alausi","status":"publish","type":"post","link":"https:\/\/sim.unemi.edu.ec\/index.php\/2026\/01\/28\/dictan-40-anos-de-prision-para-asesino-de-un-adulto-mayor-en-alausi\/","title":{"rendered":"Dictan 40 a\u00f1os de prisi\u00f3n para asesino de un adulto mayor, en Alaus\u00ed"},"content":{"rendered":"\n<p><em>El Tribunal de Garant\u00edas Penales consider\u00f3 probada la autor\u00eda directa del procesado y aplic\u00f3 la pena agravada de privaci\u00f3n de libertad, debido a la condici\u00f3n de vulnerabilidad de la v\u00edctima.<\/em><\/p>\n\n\n\n<figure class=\"wp-block-image size-full\"><img loading=\"lazy\" decoding=\"async\" width=\"1024\" height=\"683\" src=\"https:\/\/sim.unemi.edu.ec\/wp-content\/uploads\/2026\/01\/image-6.jpeg\" alt=\"\" class=\"wp-image-14792\"\/><\/figure>\n\n\n\n<p class=\"has-small-font-size\"><em>Fuente: El Comercio<\/em><\/p>\n\n\n\n<p>Los hechos se remontan al 20 de enero de 2025. Ese d\u00eda, la hermana del adulto mayor acudi\u00f3 a su vivienda, ubicada en el sector Sinancumbe, y encontr\u00f3 el cuerpo sin vida.<\/p>\n\n\n\n<p>La escena revel\u00f3 signos de extrema violencia: el hombre estaba boca abajo y presentaba ocho heridas punzocortantes en el t\u00f3rax.<\/p>\n\n\n\n<p>El testimonio de la familiar result\u00f3 clave en las primeras horas. Seg\u00fan su versi\u00f3n, \u00c1ngel Eduardo D. T. fue visto en las cercan\u00edas del inmueble con una conducta nerviosa y evasiva, poco despu\u00e9s del crimen.<\/p>\n\n\n\n<p>Durante el juicio, la Fiscal\u00eda sustent\u00f3 la acusaci\u00f3n con los testimonios de los polic\u00edas aprehensores, el relato de la hermana de la v\u00edctima y el informe de reconocimiento del lugar de los hechos. A esto se sum\u00f3 la autopsia m\u00e9dico-legal, que confirm\u00f3 una muerte violenta.<\/p>\n\n\n\n<p>Una pericia de gen\u00e9tica forense cerr\u00f3 el c\u00edrculo probatorio. El an\u00e1lisis determin\u00f3 que la sangre encontrada en la ropa del procesado correspond\u00eda a la v\u00edctima.<\/p>\n\n\n\n<p>El delito se encuadra en el art\u00edculo 140 del COIP, con la agravante prevista para cr\u00edmenes cometidos contra adultos mayores, lo que justific\u00f3 la pena m\u00e1xima impuesta por el tribunal.<\/p>\n\n\n\n<p class=\"has-small-font-size\"><em>Autora: Maria Isabel Salazar &#8211; Practicante del Sistema Integrado de Medios (SIM).<\/em><br><\/p>\n","protected":false},"excerpt":{"rendered":"<p>El Tribunal de Garant\u00edas Penales consider\u00f3 probada la autor\u00eda directa del procesado y aplic\u00f3 la pena agravada de privaci\u00f3n de libertad, debido a la condici\u00f3n de vulnerabilidad de la v\u00edctima. Fuente: El Comercio Los hechos se remontan al 20 de enero de 2025. Ese d\u00eda, la hermana del adulto mayor acudi\u00f3 a su vivienda, ubicada [&hellip;]<\/p>\n","protected":false},"author":7,"featured_media":14793,"comment_status":"open","ping_status":"open","sticky":false,"template":"","format":"standard","meta":{"footnotes":""},"categories":[1,81],"tags":[312,311,313,201,185,314],"class_list":["post-14791","post","type-post","status-publish","format-standard","has-post-thumbnail","hentry","category-nacionales","category-noticias","tag-adultomayor","tag-alausi","tag-coip","tag-crimen","tag-ecuador","tag-homicidio"],"_links":{"self":[{"href":"https:\/\/sim.unemi.edu.ec\/index.php\/wp-json\/wp\/v2\/posts\/14791","targetHints":{"allow":["GET"]}}],"collection":[{"href":"https:\/\/sim.unemi.edu.ec\/index.php\/wp-json\/wp\/v2\/posts"}],"about":[{"href":"https:\/\/sim.unemi.edu.ec\/index.php\/wp-json\/wp\/v2\/types\/post"}],"author":[{"embeddable":true,"href":"https:\/\/sim.unemi.edu.ec\/index.php\/wp-json\/wp\/v2\/users\/7"}],"replies":[{"embeddable":true,"href":"https:\/\/sim.unemi.edu.ec\/index.php\/wp-json\/wp\/v2\/comments?post=14791"}],"version-history":[{"count":1,"href":"https:\/\/sim.unemi.edu.ec\/index.php\/wp-json\/wp\/v2\/posts\/14791\/revisions"}],"predecessor-version":[{"id":14794,"href":"https:\/\/sim.unemi.edu.ec\/index.php\/wp-json\/wp\/v2\/posts\/14791\/revisions\/14794"}],"wp:featuredmedia":[{"embeddable":true,"href":"https:\/\/sim.unemi.edu.ec\/index.php\/wp-json\/wp\/v2\/media\/14793"}],"wp:attachment":[{"href":"https:\/\/sim.unemi.edu.ec\/index.php\/wp-json\/wp\/v2\/media?parent=14791"}],"wp:term":[{"taxonomy":"category","embeddable":true,"href":"https:\/\/sim.unemi.edu.ec\/index.php\/wp-json\/wp\/v2\/categories?post=14791"},{"taxonomy":"post_tag","embeddable":true,"href":"https:\/\/sim.unemi.edu.ec\/index.php\/wp-json\/wp\/v2\/tags?post=14791"}],"curies":[{"name":"wp","href":"https:\/\/api.w.org\/{rel}","templated":true}]}}