{"id":14795,"date":"2026-01-28T12:40:32","date_gmt":"2026-01-28T17:40:32","guid":{"rendered":"https:\/\/sim.unemi.edu.ec\/?p=14795"},"modified":"2026-01-28T12:40:32","modified_gmt":"2026-01-28T17:40:32","slug":"se-estrella-avion-y-fallece-alto-funcionario-indio-a-bordo","status":"publish","type":"post","link":"https:\/\/sim.unemi.edu.ec\/index.php\/2026\/01\/28\/se-estrella-avion-y-fallece-alto-funcionario-indio-a-bordo\/","title":{"rendered":"Se estrella avi\u00f3n y fallece alto funcionario indio a bordo"},"content":{"rendered":"\n<p><em>El viceprimer ministro de Maharashtra, Ajit Pawar, es una de las 5 v\u00edctimas mortales de la tragedia a\u00e9rea ocurrida este mi\u00e9rcoles, al oeste del pa\u00eds asi\u00e1tico.<\/em><br><\/p>\n\n\n\n<figure class=\"wp-block-image size-full\"><img loading=\"lazy\" decoding=\"async\" width=\"819\" height=\"460\" src=\"https:\/\/sim.unemi.edu.ec\/wp-content\/uploads\/2026\/01\/image-7.jpeg\" alt=\"\" class=\"wp-image-14796\"\/><\/figure>\n\n\n\n<p class=\"has-small-font-size\"><em>Fuente: BBC<\/em><\/p>\n\n\n\n<p>Un accidente a\u00e9reo ocurrido durante una gira pol\u00edtica en el oeste de la India cobr\u00f3 la vida del viceprimer ministro del estado de Maharashtra, Ajit Pawar, y de otras cuatro personas, cuando la aeronave en la que viajaban se estrell\u00f3 al intentar aterrizar, confirmaron autoridades aeron\u00e1uticas.<\/p>\n\n\n\n<p>Seg\u00fan la Direcci\u00f3n General de Aviaci\u00f3n Civil (DGCA) de la India, el siniestro se produjo este mi\u00e9rcoles, 28 de enero, durante la maniobra de aterrizaje de un Learjet 45 que hab\u00eda partido desde Mumbai con destino a Baramati, en un vuelo oficial.<\/p>\n\n\n\n<p>A bordo se encontraban Pawar, dos miembros de su equipo pol\u00edtico y dos tripulantes. Los primeros reportes indican que no hubo sobrevivientes, mientras que im\u00e1genes difundidas por medios locales muestran los restos del avi\u00f3n envueltos en llamas y una densa columna de humo tras el impacto. Las causas del accidente permanecen bajo investigaci\u00f3n oficial.<\/p>\n\n\n\n<p>Ajit Pawar, de 66 a\u00f1os, era una de las figuras m\u00e1s influyentes de la pol\u00edtica regional india y un actor clave en la coalici\u00f3n gobernante de Maharashtra, aliada al partido del primer ministro, Narendra Modi. Sobrino del hist\u00f3rico l\u00edder Sharad Pawar y referente del Partido del Congreso Nacionalista, su fallecimiento genera conmoci\u00f3n en el escenario pol\u00edtico del pa\u00eds, especialmente en las zonas rurales donde manten\u00eda una fuerte base de apoyo.<\/p>\n\n\n\n<p class=\"has-small-font-size\"><em>Autora: Lisbeth Alvarado Sernaque &#8211; Practicante del Sistema Integrado de Medios (SIM).<\/em><\/p>\n\n\n\n<p><\/p>\n","protected":false},"excerpt":{"rendered":"<p>El viceprimer ministro de Maharashtra, Ajit Pawar, es una de las 5 v\u00edctimas mortales de la tragedia a\u00e9rea ocurrida este mi\u00e9rcoles, al oeste del pa\u00eds asi\u00e1tico. Fuente: BBC Un accidente a\u00e9reo ocurrido durante una gira pol\u00edtica en el oeste de la India cobr\u00f3 la vida del viceprimer ministro del estado de Maharashtra, Ajit Pawar, y [&hellip;]<\/p>\n","protected":false},"author":7,"featured_media":14798,"comment_status":"open","ping_status":"open","sticky":false,"template":"","format":"standard","meta":{"footnotes":""},"categories":[265,81],"tags":[315,317,318,316],"class_list":["post-14795","post","type-post","status-publish","format-standard","has-post-thumbnail","hentry","category-internacional","category-noticias","tag-accidenteaereo","tag-ajitpawar","tag-asia","tag-india"],"_links":{"self":[{"href":"https:\/\/sim.unemi.edu.ec\/index.php\/wp-json\/wp\/v2\/posts\/14795","targetHints":{"allow":["GET"]}}],"collection":[{"href":"https:\/\/sim.unemi.edu.ec\/index.php\/wp-json\/wp\/v2\/posts"}],"about":[{"href":"https:\/\/sim.unemi.edu.ec\/index.php\/wp-json\/wp\/v2\/types\/post"}],"author":[{"embeddable":true,"href":"https:\/\/sim.unemi.edu.ec\/index.php\/wp-json\/wp\/v2\/users\/7"}],"replies":[{"embeddable":true,"href":"https:\/\/sim.unemi.edu.ec\/index.php\/wp-json\/wp\/v2\/comments?post=14795"}],"version-history":[{"count":1,"href":"https:\/\/sim.unemi.edu.ec\/index.php\/wp-json\/wp\/v2\/posts\/14795\/revisions"}],"predecessor-version":[{"id":14799,"href":"https:\/\/sim.unemi.edu.ec\/index.php\/wp-json\/wp\/v2\/posts\/14795\/revisions\/14799"}],"wp:featuredmedia":[{"embeddable":true,"href":"https:\/\/sim.unemi.edu.ec\/index.php\/wp-json\/wp\/v2\/media\/14798"}],"wp:attachment":[{"href":"https:\/\/sim.unemi.edu.ec\/index.php\/wp-json\/wp\/v2\/media?parent=14795"}],"wp:term":[{"taxonomy":"category","embeddable":true,"href":"https:\/\/sim.unemi.edu.ec\/index.php\/wp-json\/wp\/v2\/categories?post=14795"},{"taxonomy":"post_tag","embeddable":true,"href":"https:\/\/sim.unemi.edu.ec\/index.php\/wp-json\/wp\/v2\/tags?post=14795"}],"curies":[{"name":"wp","href":"https:\/\/api.w.org\/{rel}","templated":true}]}}