{"id":14800,"date":"2026-01-28T12:56:47","date_gmt":"2026-01-28T17:56:47","guid":{"rendered":"https:\/\/sim.unemi.edu.ec\/?p=14800"},"modified":"2026-01-28T12:56:48","modified_gmt":"2026-01-28T17:56:48","slug":"siniestro-en-la-via-aloag-santo-domingo-cobra-tres-vidas","status":"publish","type":"post","link":"https:\/\/sim.unemi.edu.ec\/index.php\/2026\/01\/28\/siniestro-en-la-via-aloag-santo-domingo-cobra-tres-vidas\/","title":{"rendered":"Siniestro en la v\u00eda Al\u00f3ag\u2013Santo Domingo cobra tres vidas"},"content":{"rendered":"\n<p><em>El accidente involucr\u00f3 a dos camiones y un auto liviano a la altura del km 92, en el sector de Miravalle. La emergencia se registr\u00f3 la madrugada del martes.<\/em><\/p>\n\n\n\n<figure class=\"wp-block-image size-large\"><img loading=\"lazy\" decoding=\"async\" width=\"1024\" height=\"683\" src=\"https:\/\/sim.unemi.edu.ec\/wp-content\/uploads\/2026\/01\/image-9-1024x683.jpeg\" alt=\"\" class=\"wp-image-14801\"\/><\/figure>\n\n\n\n<p><em>Fuente: Ecuavisa<\/em><\/p>\n\n\n\n<p>Un grave siniestro de tr\u00e1nsito ocurrido la madrugada de este martes, 27 de enero, dej\u00f3 tres personas fallecidas y un conductor herido en la v\u00eda Al\u00f3ag\u2013Santo Domingo, a la altura del kil\u00f3metro 92, en el sector de Miravalle. El accidente involucr\u00f3 a dos camiones de carga pesada y un veh\u00edculo liviano.<\/p>\n\n\n\n<p>El hecho se registr\u00f3 pasadas las 05h30, cuando un autom\u00f3vil rojo se encontraba detenido en la v\u00eda debido, presuntamente, a un desperfecto mec\u00e1nico. Seg\u00fan inform\u00f3 Santiago Ram\u00edrez, jefe de la Unidad de Investigaci\u00f3n de Accidentes de Tr\u00e1nsito (SIAT), los ocupantes del veh\u00edculo no estaban en su interior, sino que realizaban reparaciones al momento del impacto.<\/p>\n\n\n\n<p>Un cami\u00f3n que circulaba desde Santo Domingo hacia Quito choc\u00f3 contra la parte posterior del auto detenido y, posteriormente, colision\u00f3 con otro cami\u00f3n que descend\u00eda en sentido contrario. Uno de los veh\u00edculos pesados termin\u00f3 volcado, y la carga de sacos de balanceado qued\u00f3 dispersa sobre la calzada.<\/p>\n\n\n\n<p>La v\u00eda fue cerrada temporalmente para permitir el levantamiento de los cuerpos y la atenci\u00f3n de la emergencia. El conductor de uno de los camiones result\u00f3 herido y fue trasladado a una casa de salud, mientras que los veh\u00edculos involucrados fueron llevados a un patio de retenci\u00f3n.<\/p>\n\n\n\n<p>Hasta el cierre de este reporte, las tres personas fallecidas no hab\u00edan sido identificadas, y la circulaci\u00f3n fue habilitada de manera parcial por un costado.<\/p>\n\n\n\n<p class=\"has-small-font-size\"><em>Autora: Lisbeth Alvarado Sernaque &#8211; Practicante del Sistema Integrado de Medios (SIM).<\/em><\/p>\n\n\n\n<p><\/p>\n","protected":false},"excerpt":{"rendered":"<p>El accidente involucr\u00f3 a dos camiones y un auto liviano a la altura del km 92, en el sector de Miravalle. La emergencia se registr\u00f3 la madrugada del martes. Fuente: Ecuavisa Un grave siniestro de tr\u00e1nsito ocurrido la madrugada de este martes, 27 de enero, dej\u00f3 tres personas fallecidas y un conductor herido en la [&hellip;]<\/p>\n","protected":false},"author":7,"featured_media":14802,"comment_status":"open","ping_status":"open","sticky":false,"template":"","format":"standard","meta":{"footnotes":""},"categories":[1,81],"tags":[272,320,322,321,319],"class_list":["post-14800","post","type-post","status-publish","format-standard","has-post-thumbnail","hentry","category-nacionales","category-noticias","tag-accidente","tag-aloag","tag-miravalle","tag-santodomingo","tag-siniestrodetransito"],"_links":{"self":[{"href":"https:\/\/sim.unemi.edu.ec\/index.php\/wp-json\/wp\/v2\/posts\/14800","targetHints":{"allow":["GET"]}}],"collection":[{"href":"https:\/\/sim.unemi.edu.ec\/index.php\/wp-json\/wp\/v2\/posts"}],"about":[{"href":"https:\/\/sim.unemi.edu.ec\/index.php\/wp-json\/wp\/v2\/types\/post"}],"author":[{"embeddable":true,"href":"https:\/\/sim.unemi.edu.ec\/index.php\/wp-json\/wp\/v2\/users\/7"}],"replies":[{"embeddable":true,"href":"https:\/\/sim.unemi.edu.ec\/index.php\/wp-json\/wp\/v2\/comments?post=14800"}],"version-history":[{"count":1,"href":"https:\/\/sim.unemi.edu.ec\/index.php\/wp-json\/wp\/v2\/posts\/14800\/revisions"}],"predecessor-version":[{"id":14803,"href":"https:\/\/sim.unemi.edu.ec\/index.php\/wp-json\/wp\/v2\/posts\/14800\/revisions\/14803"}],"wp:featuredmedia":[{"embeddable":true,"href":"https:\/\/sim.unemi.edu.ec\/index.php\/wp-json\/wp\/v2\/media\/14802"}],"wp:attachment":[{"href":"https:\/\/sim.unemi.edu.ec\/index.php\/wp-json\/wp\/v2\/media?parent=14800"}],"wp:term":[{"taxonomy":"category","embeddable":true,"href":"https:\/\/sim.unemi.edu.ec\/index.php\/wp-json\/wp\/v2\/categories?post=14800"},{"taxonomy":"post_tag","embeddable":true,"href":"https:\/\/sim.unemi.edu.ec\/index.php\/wp-json\/wp\/v2\/tags?post=14800"}],"curies":[{"name":"wp","href":"https:\/\/api.w.org\/{rel}","templated":true}]}}