{"id":14804,"date":"2026-01-29T16:18:18","date_gmt":"2026-01-29T21:18:18","guid":{"rendered":"https:\/\/sim.unemi.edu.ec\/?p=14804"},"modified":"2026-01-29T16:27:56","modified_gmt":"2026-01-29T21:27:56","slug":"emergencia-obliga-a-noboa-a-dejar-foro-internacional-en-panama","status":"publish","type":"post","link":"https:\/\/sim.unemi.edu.ec\/index.php\/2026\/01\/29\/emergencia-obliga-a-noboa-a-dejar-foro-internacional-en-panama\/","title":{"rendered":"\u00abEmergencia\u00bb obliga a Noboa a dejar foro internacional en Panam\u00e1"},"content":{"rendered":"\n<p><em><strong>El mandatario cancel\u00f3 actividades oficiales y regres\u00f3 de inmediato a Ecuador, sin que se revelen detalles del motivo.<\/strong><\/em><\/p>\n\n\n\n<figure class=\"wp-block-image size-full\"><img loading=\"lazy\" decoding=\"async\" width=\"567\" height=\"378\" src=\"https:\/\/sim.unemi.edu.ec\/wp-content\/uploads\/2026\/01\/Foto-Vistazo.jpg\" alt=\"\" class=\"wp-image-14805\"\/><\/figure>\n\n\n\n<p>El presidente de la Rep\u00fablica, Daniel Noboa, interrumpi\u00f3 su visita oficial a Panam\u00e1 y regres\u00f3 anticipadamente a Ecuador tras surgir una situaci\u00f3n calificada como prioritaria, lo que oblig\u00f3 a suspender parte de su agenda internacional.<\/p>\n\n\n\n<p>La decisi\u00f3n fue confirmada por el embajador ecuatoriano en Panam\u00e1, Pascual del Cioppo, quien inform\u00f3 que el mandatario no pudo cumplir con las actividades previstas dentro del Foro Econ\u00f3mico Internacional 2026, organizado por la CAF\u2013Banco de Desarrollo de Am\u00e9rica Latina y el Caribe. En ese espacio, Noboa ten\u00eda previsto participar junto a otros jefes de Estado de la regi\u00f3n.<\/p>\n\n\n\n<p>Durante su intervenci\u00f3n ante los asistentes al evento, el diplom\u00e1tico se\u00f1al\u00f3 que el retorno del presidente respondi\u00f3 a un viaje inesperado, sin precisar los motivos que llevaron a modificar la agenda oficial. A\u00f1adi\u00f3 que situaciones de emergencia pueden presentarse en el ejercicio del poder y requieren atenci\u00f3n inmediata.<\/p>\n\n\n\n<p>Antes de abandonar Panam\u00e1, el jefe de Estado alcanz\u00f3 a participar en uno de los encuentros del foro, donde expuso su visi\u00f3n sobre el crecimiento econ\u00f3mico regional. En su mensaje, Noboa destac\u00f3 la necesidad de fortalecer la integraci\u00f3n entre los pa\u00edses latinoamericanos y plante\u00f3 un escenario m\u00e1s optimista frente a las proyecciones econ\u00f3micas actuales.<\/p>\n\n\n\n<p class=\"has-small-font-size\"><em><strong>Autora:<\/strong> Maria Isabel Salazar &#8211; Practicante del Sistema Integrado de Medios (SIM).<\/em><\/p>\n\n\n\n<p><\/p>\n","protected":false},"excerpt":{"rendered":"<p>El mandatario cancel\u00f3 actividades oficiales y regres\u00f3 de inmediato a Ecuador, sin que se revelen detalles del motivo. El presidente de la Rep\u00fablica, Daniel Noboa, interrumpi\u00f3 su visita oficial a Panam\u00e1 y regres\u00f3 anticipadamente a Ecuador tras surgir una situaci\u00f3n calificada como prioritaria, lo que oblig\u00f3 a suspender parte de su agenda internacional. La decisi\u00f3n [&hellip;]<\/p>\n","protected":false},"author":3,"featured_media":14816,"comment_status":"open","ping_status":"open","sticky":false,"template":"","format":"standard","meta":{"footnotes":""},"categories":[1],"tags":[323,175,324],"class_list":["post-14804","post","type-post","status-publish","format-standard","has-post-thumbnail","hentry","category-nacionales","tag-daniel-noboa","tag-gobierno","tag-politica-exterior"],"_links":{"self":[{"href":"https:\/\/sim.unemi.edu.ec\/index.php\/wp-json\/wp\/v2\/posts\/14804","targetHints":{"allow":["GET"]}}],"collection":[{"href":"https:\/\/sim.unemi.edu.ec\/index.php\/wp-json\/wp\/v2\/posts"}],"about":[{"href":"https:\/\/sim.unemi.edu.ec\/index.php\/wp-json\/wp\/v2\/types\/post"}],"author":[{"embeddable":true,"href":"https:\/\/sim.unemi.edu.ec\/index.php\/wp-json\/wp\/v2\/users\/3"}],"replies":[{"embeddable":true,"href":"https:\/\/sim.unemi.edu.ec\/index.php\/wp-json\/wp\/v2\/comments?post=14804"}],"version-history":[{"count":1,"href":"https:\/\/sim.unemi.edu.ec\/index.php\/wp-json\/wp\/v2\/posts\/14804\/revisions"}],"predecessor-version":[{"id":14806,"href":"https:\/\/sim.unemi.edu.ec\/index.php\/wp-json\/wp\/v2\/posts\/14804\/revisions\/14806"}],"wp:featuredmedia":[{"embeddable":true,"href":"https:\/\/sim.unemi.edu.ec\/index.php\/wp-json\/wp\/v2\/media\/14816"}],"wp:attachment":[{"href":"https:\/\/sim.unemi.edu.ec\/index.php\/wp-json\/wp\/v2\/media?parent=14804"}],"wp:term":[{"taxonomy":"category","embeddable":true,"href":"https:\/\/sim.unemi.edu.ec\/index.php\/wp-json\/wp\/v2\/categories?post=14804"},{"taxonomy":"post_tag","embeddable":true,"href":"https:\/\/sim.unemi.edu.ec\/index.php\/wp-json\/wp\/v2\/tags?post=14804"}],"curies":[{"name":"wp","href":"https:\/\/api.w.org\/{rel}","templated":true}]}}