{"id":14807,"date":"2026-01-29T16:22:30","date_gmt":"2026-01-29T21:22:30","guid":{"rendered":"https:\/\/sim.unemi.edu.ec\/?p=14807"},"modified":"2026-01-29T16:22:51","modified_gmt":"2026-01-29T21:22:51","slug":"el-reloj-del-fin-del-mundo-avanza-a-85-segundos","status":"publish","type":"post","link":"https:\/\/sim.unemi.edu.ec\/index.php\/2026\/01\/29\/el-reloj-del-fin-del-mundo-avanza-a-85-segundos\/","title":{"rendered":"El Reloj del Fin del Mundo avanza a 85 segundos"},"content":{"rendered":"\n<p><em><strong>Cient\u00edficos alertan sobre deterioro del escenario global por tensiones nucleares, crisis clim\u00e1tica y amenazas tecnol\u00f3gicas.<\/strong><\/em><\/p>\n\n\n\n<figure class=\"wp-block-image size-full\"><img loading=\"lazy\" decoding=\"async\" width=\"560\" height=\"374\" src=\"https:\/\/sim.unemi.edu.ec\/wp-content\/uploads\/2026\/01\/Foto-REUTERS.jpg\" alt=\"\" class=\"wp-image-14808\"\/><\/figure>\n\n\n\n<p>El Bulletin of the Atomic Scientists anunci\u00f3 un nuevo ajuste en el Reloj del Fin del Mundo, que ahora marca 85 segundos antes de la medianoche, como reflejo del aumento de riesgos que amenazan la estabilidad de la humanidad.<\/p>\n\n\n\n<p>El comit\u00e9, integrado por cient\u00edficos de alto nivel y varios premios Nobel, evalu\u00f3 un contexto internacional marcado por conflictos armados, tensiones nucleares persistentes, el agravamiento de la crisis clim\u00e1tica y el avance acelerado de tecnolog\u00edas sin marcos regulatorios s\u00f3lidos, como la inteligencia artificial.<\/p>\n\n\n\n<p>Seg\u00fan los expertos, la falta de respuestas coordinadas por parte de los l\u00edderes pol\u00edticos ha contribuido a profundizar estos riesgos, colocando a la civilizaci\u00f3n en una situaci\u00f3n de creciente vulnerabilidad. Aunque el modelo del reloj ha sido cuestionado por su car\u00e1cter simb\u00f3lico, sus impulsores sostienen que cumple una funci\u00f3n pedag\u00f3gica al traducir amenazas complejas en un mensaje comprensible.<\/p>\n\n\n\n<p>El informe recuerda que en 1991, tras el fin de la Guerra Fr\u00eda y la firma de acuerdos de desarme nuclear, el reloj se retras\u00f3 hasta 17 minutos antes de la medianoche. Sin embargo, desde entonces, la tendencia ha sido mayoritariamente hacia el adelanto, con la incorporaci\u00f3n del cambio clim\u00e1tico como un factor determinante desde 2007.<\/p>\n\n\n\n<p class=\"has-small-font-size\"><strong>Autor:<\/strong> Maria Isabel Salazar, Practicante del Sistema Integrado de Medios. SIM<\/p>\n","protected":false},"excerpt":{"rendered":"<p>Cient\u00edficos alertan sobre deterioro del escenario global por tensiones nucleares, crisis clim\u00e1tica y amenazas tecnol\u00f3gicas. El Bulletin of the Atomic Scientists anunci\u00f3 un nuevo ajuste en el Reloj del Fin del Mundo, que ahora marca 85 segundos antes de la medianoche, como reflejo del aumento de riesgos que amenazan la estabilidad de la humanidad. El [&hellip;]<\/p>\n","protected":false},"author":3,"featured_media":14809,"comment_status":"open","ping_status":"open","sticky":false,"template":"","format":"standard","meta":{"footnotes":""},"categories":[129],"tags":[326,325,327],"class_list":["post-14807","post","type-post","status-publish","format-standard","has-post-thumbnail","hentry","category-internacionales","tag-cambio-climatico","tag-reloj-del-fin-del-mundo","tag-riesgos-globales"],"_links":{"self":[{"href":"https:\/\/sim.unemi.edu.ec\/index.php\/wp-json\/wp\/v2\/posts\/14807","targetHints":{"allow":["GET"]}}],"collection":[{"href":"https:\/\/sim.unemi.edu.ec\/index.php\/wp-json\/wp\/v2\/posts"}],"about":[{"href":"https:\/\/sim.unemi.edu.ec\/index.php\/wp-json\/wp\/v2\/types\/post"}],"author":[{"embeddable":true,"href":"https:\/\/sim.unemi.edu.ec\/index.php\/wp-json\/wp\/v2\/users\/3"}],"replies":[{"embeddable":true,"href":"https:\/\/sim.unemi.edu.ec\/index.php\/wp-json\/wp\/v2\/comments?post=14807"}],"version-history":[{"count":1,"href":"https:\/\/sim.unemi.edu.ec\/index.php\/wp-json\/wp\/v2\/posts\/14807\/revisions"}],"predecessor-version":[{"id":14811,"href":"https:\/\/sim.unemi.edu.ec\/index.php\/wp-json\/wp\/v2\/posts\/14807\/revisions\/14811"}],"wp:featuredmedia":[{"embeddable":true,"href":"https:\/\/sim.unemi.edu.ec\/index.php\/wp-json\/wp\/v2\/media\/14809"}],"wp:attachment":[{"href":"https:\/\/sim.unemi.edu.ec\/index.php\/wp-json\/wp\/v2\/media?parent=14807"}],"wp:term":[{"taxonomy":"category","embeddable":true,"href":"https:\/\/sim.unemi.edu.ec\/index.php\/wp-json\/wp\/v2\/categories?post=14807"},{"taxonomy":"post_tag","embeddable":true,"href":"https:\/\/sim.unemi.edu.ec\/index.php\/wp-json\/wp\/v2\/tags?post=14807"}],"curies":[{"name":"wp","href":"https:\/\/api.w.org\/{rel}","templated":true}]}}