{"id":14812,"date":"2026-01-29T16:26:57","date_gmt":"2026-01-29T21:26:57","guid":{"rendered":"https:\/\/sim.unemi.edu.ec\/?p=14812"},"modified":"2026-01-29T16:28:40","modified_gmt":"2026-01-29T21:28:40","slug":"sin-sobrevivientes-accidente-aereo-de-satena-en-colombia","status":"publish","type":"post","link":"https:\/\/sim.unemi.edu.ec\/index.php\/2026\/01\/29\/sin-sobrevivientes-accidente-aereo-de-satena-en-colombia\/","title":{"rendered":"Sin sobrevivientes: Accidente a\u00e9reo de Satena en Colombia"},"content":{"rendered":"\n<p><strong><em>La aeronave cubr\u00eda la ruta C\u00facuta\u2013Oca\u00f1a y fue localizada en una zona monta\u00f1osa del norte del pa\u00eds.<\/em><\/strong><\/p>\n\n\n\n<figure class=\"wp-block-image size-large\"><img loading=\"lazy\" decoding=\"async\" width=\"1024\" height=\"528\" src=\"https:\/\/sim.unemi.edu.ec\/wp-content\/uploads\/2026\/01\/Foto-metropolitano-1-1024x528.jpg\" alt=\"\" class=\"wp-image-14813\"\/><\/figure>\n\n\n\n<p>Las autoridades aeron\u00e1uticas de Colombia confirmaron este mi\u00e9rcoles 28 de enero el hallazgo de una aeronave comercial que hab\u00eda sido reportada como desaparecida durante un vuelo regional, sin que se registraran sobrevivientes entre los ocupantes.<\/p>\n\n\n\n<p>El avi\u00f3n, un Beechcraft 1900 operado por la aerol\u00ednea estatal Satena, cubr\u00eda la ruta entre C\u00facuta y Oca\u00f1a cuando perdi\u00f3 contacto con el control a\u00e9reo pocos minutos despu\u00e9s del despegue. A bordo viajaban 13 pasajeros y dos tripulantes, de acuerdo con informaci\u00f3n oficial.<\/p>\n\n\n\n<p>Tras varias horas de b\u00fasqueda, equipos de emergencia localizaron los restos de la aeronave en el sector rural de Curasica, en el municipio de La Playa de Bel\u00e9n, una zona de dif\u00edcil acceso y geograf\u00eda monta\u00f1osa. El impacto ocurri\u00f3 en un tramo donde el avi\u00f3n dej\u00f3 de emitir se\u00f1al, seg\u00fan datos de plataformas de rastreo a\u00e9reo.<\/p>\n\n\n\n<p>El Ministerio de Transporte indic\u00f3 que se activaron de inmediato los protocolos de atenci\u00f3n y que se brindar\u00e1 acompa\u00f1amiento a los familiares de las v\u00edctimas. Mientras tanto, la Aeron\u00e1utica Civil inici\u00f3 las investigaciones correspondientes para determinar las causas del siniestro y reconstruir los minutos finales del vuelo.<\/p>\n\n\n\n<p class=\"has-small-font-size\"><em><strong>Autora:<\/strong> Lisbeth Alvarado Sernaque &#8211; Practicante del Sistema Integrado de Medios (SIM).<\/em><\/p>\n\n\n\n<p><\/p>\n","protected":false},"excerpt":{"rendered":"<p>La aeronave cubr\u00eda la ruta C\u00facuta\u2013Oca\u00f1a y fue localizada en una zona monta\u00f1osa del norte del pa\u00eds. Las autoridades aeron\u00e1uticas de Colombia confirmaron este mi\u00e9rcoles 28 de enero el hallazgo de una aeronave comercial que hab\u00eda sido reportada como desaparecida durante un vuelo regional, sin que se registraran sobrevivientes entre los ocupantes. El avi\u00f3n, un [&hellip;]<\/p>\n","protected":false},"author":3,"featured_media":14814,"comment_status":"open","ping_status":"open","sticky":false,"template":"","format":"standard","meta":{"footnotes":""},"categories":[129],"tags":[328,329,280],"class_list":["post-14812","post","type-post","status-publish","format-standard","has-post-thumbnail","hentry","category-internacionales","tag-accidente-aereo","tag-aviacion","tag-colombia"],"_links":{"self":[{"href":"https:\/\/sim.unemi.edu.ec\/index.php\/wp-json\/wp\/v2\/posts\/14812","targetHints":{"allow":["GET"]}}],"collection":[{"href":"https:\/\/sim.unemi.edu.ec\/index.php\/wp-json\/wp\/v2\/posts"}],"about":[{"href":"https:\/\/sim.unemi.edu.ec\/index.php\/wp-json\/wp\/v2\/types\/post"}],"author":[{"embeddable":true,"href":"https:\/\/sim.unemi.edu.ec\/index.php\/wp-json\/wp\/v2\/users\/3"}],"replies":[{"embeddable":true,"href":"https:\/\/sim.unemi.edu.ec\/index.php\/wp-json\/wp\/v2\/comments?post=14812"}],"version-history":[{"count":1,"href":"https:\/\/sim.unemi.edu.ec\/index.php\/wp-json\/wp\/v2\/posts\/14812\/revisions"}],"predecessor-version":[{"id":14815,"href":"https:\/\/sim.unemi.edu.ec\/index.php\/wp-json\/wp\/v2\/posts\/14812\/revisions\/14815"}],"wp:featuredmedia":[{"embeddable":true,"href":"https:\/\/sim.unemi.edu.ec\/index.php\/wp-json\/wp\/v2\/media\/14814"}],"wp:attachment":[{"href":"https:\/\/sim.unemi.edu.ec\/index.php\/wp-json\/wp\/v2\/media?parent=14812"}],"wp:term":[{"taxonomy":"category","embeddable":true,"href":"https:\/\/sim.unemi.edu.ec\/index.php\/wp-json\/wp\/v2\/categories?post=14812"},{"taxonomy":"post_tag","embeddable":true,"href":"https:\/\/sim.unemi.edu.ec\/index.php\/wp-json\/wp\/v2\/tags?post=14812"}],"curies":[{"name":"wp","href":"https:\/\/api.w.org\/{rel}","templated":true}]}}