{"id":14821,"date":"2026-01-30T16:08:28","date_gmt":"2026-01-30T21:08:28","guid":{"rendered":"https:\/\/sim.unemi.edu.ec\/?p=14821"},"modified":"2026-01-30T16:08:28","modified_gmt":"2026-01-30T21:08:28","slug":"benedetto-refuerza-el-ataque-de-barcelona-sc","status":"publish","type":"post","link":"https:\/\/sim.unemi.edu.ec\/index.php\/2026\/01\/30\/benedetto-refuerza-el-ataque-de-barcelona-sc\/","title":{"rendered":"Benedetto refuerza el ataque de Barcelona SC"},"content":{"rendered":"\n<p><em>El delantero argentino llega con la mira puesta en la Libertadores. Un fichaje estrat\u00e9gico para el reto continental.<\/em><\/p>\n\n\n\n<figure class=\"wp-block-image size-large\"><img loading=\"lazy\" decoding=\"async\" width=\"1024\" height=\"768\" src=\"https:\/\/sim.unemi.edu.ec\/wp-content\/uploads\/2026\/01\/image-4-1024x768.png\" alt=\"\" class=\"wp-image-14822\"\/><\/figure>\n\n\n\n<p class=\"has-small-font-size\"><em>fuente: Studiofutbol.com.ec<\/em><\/p>\n\n\n\n<p>Barcelona SC confirm\u00f3 la incorporaci\u00f3n del delantero argentino Dar\u00edo Benedetto como uno de sus refuerzos estelares para la temporada 2026, en una de las movidas m\u00e1s comentadas del actual mercado de fichajes de la LigaPro.<\/p>\n\n\n\n<p>Tras oficializarse su llegada, el atacante destac\u00f3 la dimensi\u00f3n del club guayaquile\u00f1o y expres\u00f3 su motivaci\u00f3n por volver a competir en la Copa Libertadores, torneo que considera clave en su carrera. El exjugador de Boca Juniors llega con el objetivo de aportar experiencia y liderazgo al plantel.<\/p>\n\n\n\n<p>Desde la dirigencia, encabezada por Antonio \u00c1lvarez, se aclar\u00f3 que la contrataci\u00f3n se realiz\u00f3 bajo criterios de responsabilidad econ\u00f3mica. Benedetto acept\u00f3 condiciones salariales acordes a la realidad financiera del club, priorizando el proyecto deportivo por encima de otros factores.<\/p>\n\n\n\n<p>El entrenador C\u00e9sar Far\u00edas respald\u00f3 la decisi\u00f3n y explic\u00f3 que el fichaje fue consensuado con la secretar\u00eda t\u00e9cnica. Para el cuerpo t\u00e9cnico, la trayectoria internacional del delantero ser\u00e1 fundamental para afrontar un calendario exigente que incluye torneos locales e internacionales.<\/p>\n\n\n\n<p>Con esta incorporaci\u00f3n, Barcelona SC apuesta por jerarqu\u00eda en el campo y equilibrio en la gesti\u00f3n, en su intenci\u00f3n de recuperar protagonismo a nivel continental.<\/p>\n\n\n\n<p class=\"has-small-font-size\"><em>Autora: Milena Mosquera Castro &#8211; Practicante del Sistema Integrado de Medios (SIM).<\/em><\/p>\n\n\n\n<p><\/p>\n","protected":false},"excerpt":{"rendered":"<p>El delantero argentino llega con la mira puesta en la Libertadores. Un fichaje estrat\u00e9gico para el reto continental. fuente: Studiofutbol.com.ec Barcelona SC confirm\u00f3 la incorporaci\u00f3n del delantero argentino Dar\u00edo Benedetto como uno de sus refuerzos estelares para la temporada 2026, en una de las movidas m\u00e1s comentadas del actual mercado de fichajes de la LigaPro. [&hellip;]<\/p>\n","protected":false},"author":7,"featured_media":14823,"comment_status":"open","ping_status":"open","sticky":false,"template":"","format":"standard","meta":{"footnotes":""},"categories":[1,81],"tags":[333,332,334,331],"class_list":["post-14821","post","type-post","status-publish","format-standard","has-post-thumbnail","hentry","category-nacionales","category-noticias","tag-barcelona","tag-benedetto","tag-copa-libertadores","tag-pipa"],"_links":{"self":[{"href":"https:\/\/sim.unemi.edu.ec\/index.php\/wp-json\/wp\/v2\/posts\/14821","targetHints":{"allow":["GET"]}}],"collection":[{"href":"https:\/\/sim.unemi.edu.ec\/index.php\/wp-json\/wp\/v2\/posts"}],"about":[{"href":"https:\/\/sim.unemi.edu.ec\/index.php\/wp-json\/wp\/v2\/types\/post"}],"author":[{"embeddable":true,"href":"https:\/\/sim.unemi.edu.ec\/index.php\/wp-json\/wp\/v2\/users\/7"}],"replies":[{"embeddable":true,"href":"https:\/\/sim.unemi.edu.ec\/index.php\/wp-json\/wp\/v2\/comments?post=14821"}],"version-history":[{"count":1,"href":"https:\/\/sim.unemi.edu.ec\/index.php\/wp-json\/wp\/v2\/posts\/14821\/revisions"}],"predecessor-version":[{"id":14824,"href":"https:\/\/sim.unemi.edu.ec\/index.php\/wp-json\/wp\/v2\/posts\/14821\/revisions\/14824"}],"wp:featuredmedia":[{"embeddable":true,"href":"https:\/\/sim.unemi.edu.ec\/index.php\/wp-json\/wp\/v2\/media\/14823"}],"wp:attachment":[{"href":"https:\/\/sim.unemi.edu.ec\/index.php\/wp-json\/wp\/v2\/media?parent=14821"}],"wp:term":[{"taxonomy":"category","embeddable":true,"href":"https:\/\/sim.unemi.edu.ec\/index.php\/wp-json\/wp\/v2\/categories?post=14821"},{"taxonomy":"post_tag","embeddable":true,"href":"https:\/\/sim.unemi.edu.ec\/index.php\/wp-json\/wp\/v2\/tags?post=14821"}],"curies":[{"name":"wp","href":"https:\/\/api.w.org\/{rel}","templated":true}]}}