{"id":14825,"date":"2026-01-30T19:06:28","date_gmt":"2026-01-31T00:06:28","guid":{"rendered":"https:\/\/sim.unemi.edu.ec\/?p=14825"},"modified":"2026-01-30T19:06:28","modified_gmt":"2026-01-31T00:06:28","slug":"trump-endurece-el-cerco-contra-cuba","status":"publish","type":"post","link":"https:\/\/sim.unemi.edu.ec\/index.php\/2026\/01\/30\/trump-endurece-el-cerco-contra-cuba\/","title":{"rendered":"Trump endurece el cerco contra Cuba"},"content":{"rendered":"\n<p><em>Aranceles y advertencias refuerzan una pol\u00edtica de asfixia. La Habana denuncia una escalada de car\u00e1cter imperialista.<\/em><\/p>\n\n\n\n<figure class=\"wp-block-image size-full\"><img loading=\"lazy\" decoding=\"async\" width=\"800\" height=\"450\" src=\"https:\/\/sim.unemi.edu.ec\/wp-content\/uploads\/2026\/01\/image-5.png\" alt=\"\" class=\"wp-image-14826\"\/><\/figure>\n\n\n\n<p class=\"has-small-font-size\">Fuente: <em>BBCNEWS<\/em><\/p>\n\n\n\n<p>El presidente de Estados Unidos, Donald Trump, anunci\u00f3 una nueva medida de presi\u00f3n contra Cuba al advertir que su gobierno impondr\u00e1 aranceles a los pa\u00edses que suministren petr\u00f3leo a la isla, una decisi\u00f3n que refuerza la hist\u00f3rica pol\u00edtica de bloqueo y asfixia econ\u00f3mica contra el pa\u00eds caribe\u00f1o.<\/p>\n\n\n\n<p>La amenaza fue formalizada mediante una orden ejecutiva que declara una emergencia nacional, bajo el argumento de que \u201clas pol\u00edticas, pr\u00e1cticas y acciones del Gobierno de Cuba\u201d representan una \u201camenaza extraordinaria e inusual\u201d para Estados Unidos. El documento no detalla montos ni pa\u00edses espec\u00edficos.<\/p>\n\n\n\n<p>Desde La Habana, el canciller cubano Bruno Rodr\u00edguez calific\u00f3 la decisi\u00f3n como una \u201cnueva escalada de EE.UU. contra Cuba\u201d y rechaz\u00f3 las acusaciones al considerarlas \u201cuna larga lista de mentiras (&#8230;) que pretenden presentar a Cuba como una amenaza que no es\u201d.<\/p>\n\n\n\n<p>Rodr\u00edguez denunci\u00f3 adem\u00e1s que Washington \u201cintenta someter a su dictado, despojar de sus recursos, mutilar su soberan\u00eda y privar de su independencia\u201d a los pueblos de \u201cNuestra Am\u00e9rica\u201d, evidenciando una postura imperialista que busca condicionar a terceros pa\u00edses.<\/p>\n\n\n\n<p>La presidenta de M\u00e9xico, Claudia Sheinbaum, explic\u00f3 que los env\u00edos de crudo de su pa\u00eds a Cuba responden tanto a ayuda humanitaria como a acuerdos comerciales entre Pemex y el gobierno cubano. Mientras tanto, la isla atraviesa un complejo escenario econ\u00f3mico, agravado por cortes el\u00e9ctricos y escasez de productos b\u00e1sicos, que podr\u00eda intensificarse con estas nuevas amenazas.<\/p>\n\n\n\n<p class=\"has-small-font-size\"><em>Autora: Ma. Isabel Salazar &#8211; Practicante del Sistema Integrado de Medios (SIM).<\/em><\/p>\n\n\n\n<p><\/p>\n","protected":false},"excerpt":{"rendered":"<p>Aranceles y advertencias refuerzan una pol\u00edtica de asfixia. La Habana denuncia una escalada de car\u00e1cter imperialista. Fuente: BBCNEWS El presidente de Estados Unidos, Donald Trump, anunci\u00f3 una nueva medida de presi\u00f3n contra Cuba al advertir que su gobierno impondr\u00e1 aranceles a los pa\u00edses que suministren petr\u00f3leo a la isla, una decisi\u00f3n que refuerza la hist\u00f3rica [&hellip;]<\/p>\n","protected":false},"author":7,"featured_media":14827,"comment_status":"open","ping_status":"open","sticky":false,"template":"","format":"standard","meta":{"footnotes":""},"categories":[265],"tags":[338,336,335,337],"class_list":["post-14825","post","type-post","status-publish","format-standard","has-post-thumbnail","hentry","category-internacional","tag-aranceles","tag-bloqueoeconomico","tag-cuba","tag-donaldtrump-2"],"_links":{"self":[{"href":"https:\/\/sim.unemi.edu.ec\/index.php\/wp-json\/wp\/v2\/posts\/14825","targetHints":{"allow":["GET"]}}],"collection":[{"href":"https:\/\/sim.unemi.edu.ec\/index.php\/wp-json\/wp\/v2\/posts"}],"about":[{"href":"https:\/\/sim.unemi.edu.ec\/index.php\/wp-json\/wp\/v2\/types\/post"}],"author":[{"embeddable":true,"href":"https:\/\/sim.unemi.edu.ec\/index.php\/wp-json\/wp\/v2\/users\/7"}],"replies":[{"embeddable":true,"href":"https:\/\/sim.unemi.edu.ec\/index.php\/wp-json\/wp\/v2\/comments?post=14825"}],"version-history":[{"count":1,"href":"https:\/\/sim.unemi.edu.ec\/index.php\/wp-json\/wp\/v2\/posts\/14825\/revisions"}],"predecessor-version":[{"id":14828,"href":"https:\/\/sim.unemi.edu.ec\/index.php\/wp-json\/wp\/v2\/posts\/14825\/revisions\/14828"}],"wp:featuredmedia":[{"embeddable":true,"href":"https:\/\/sim.unemi.edu.ec\/index.php\/wp-json\/wp\/v2\/media\/14827"}],"wp:attachment":[{"href":"https:\/\/sim.unemi.edu.ec\/index.php\/wp-json\/wp\/v2\/media?parent=14825"}],"wp:term":[{"taxonomy":"category","embeddable":true,"href":"https:\/\/sim.unemi.edu.ec\/index.php\/wp-json\/wp\/v2\/categories?post=14825"},{"taxonomy":"post_tag","embeddable":true,"href":"https:\/\/sim.unemi.edu.ec\/index.php\/wp-json\/wp\/v2\/tags?post=14825"}],"curies":[{"name":"wp","href":"https:\/\/api.w.org\/{rel}","templated":true}]}}