{"id":14830,"date":"2026-02-02T13:04:54","date_gmt":"2026-02-02T18:04:54","guid":{"rendered":"https:\/\/sim.unemi.edu.ec\/?p=14830"},"modified":"2026-02-02T13:04:54","modified_gmt":"2026-02-02T18:04:54","slug":"mineapolis-vive-bajo-el-miedo-al-ice","status":"publish","type":"post","link":"https:\/\/sim.unemi.edu.ec\/index.php\/2026\/02\/02\/mineapolis-vive-bajo-el-miedo-al-ice\/","title":{"rendered":"Mine\u00e1polis vive bajo el miedo al ICE"},"content":{"rendered":"\n<p><em>Habitantes denuncian pr\u00e1cticas intimidatorias y seguimiento digital.El uso de reconocimiento facial y detenciones fugaces genera ansiedad social.<\/em><br><\/p>\n\n\n\n<figure class=\"wp-block-image size-full\"><img loading=\"lazy\" decoding=\"async\" width=\"931\" height=\"700\" src=\"https:\/\/sim.unemi.edu.ec\/wp-content\/uploads\/2026\/02\/image.png\" alt=\"\" class=\"wp-image-14831\"\/><\/figure>\n\n\n\n<p class=\"has-small-font-size\"><em>Fuente: El Mundo Madrid<\/em><\/p>\n\n\n\n<p>El clima social en Mine\u00e1polis se ha visto profundamente alterado por las acciones del Servicio de Inmigraci\u00f3n y Control de Aduanas (ICE). En los \u00faltimos d\u00edas, el temor se ha extendido entre la poblaci\u00f3n, especialmente en comunidades migrantes, donde muchas personas han optado por no salir de sus casas ni acudir a sus trabajos ante el riesgo de ser detenidas en operativos repentinos.<\/p>\n\n\n\n<p>Historias como la de Rosa, una camarera hispana, reflejan ese ambiente de angustia. \u00abMi madre lleva un mes sin salir\u00bb, cuenta. \u00abNos dice que le llevemos la comida y le llevemos a su nieta, pero que ella no va\u00bb. El miedo ha modificado la rutina de cientos de familias que sienten que cualquier desplazamiento puede terminar en una detenci\u00f3n inesperada.<\/p>\n\n\n\n<p>En distintos puntos de la regi\u00f3n se han hallado veh\u00edculos abandonados, con puertas abiertas, en calles, estacionamientos y carreteras. Muchos pertenecer\u00edan a conductores arrestados en intervenciones r\u00e1pidas o que huyeron al detectar la presencia de agentes. Ante esta situaci\u00f3n, empresas de gr\u00faas ofrecieron retirar los autos sin costo y el ayuntamiento anunci\u00f3 que no aplicar\u00e1 sanciones.<\/p>\n\n\n\n<p>El gobernador Tim Walz exhort\u00f3 a la ciudadan\u00eda a documentar estos operativos. \u00abLleven su tel\u00e9fono consigo en todo momento; y si ven a alguien del ICE en su vecindario, saquen el tel\u00e9fono y presionen grabar. Tenemos que crear una base de datos de las atrocidades cometidas contra los habitantes de Minnesota, no solo para dejar constancia de ellas, sino para recopilar pruebas para futuros procesos judiciales\u00bb. Sin embargo, esta vigilancia constante ha incrementado los niveles de ansiedad. \u00abCada coche negro que vemos pienso que es uno de ellos\u00bb, relata Alyssa, una estudiante universitaria que particip\u00f3 en una huelga reciente.<\/p>\n\n\n\n<p>A esto se suma el uso de herramientas tecnol\u00f3gicas avanzadas por parte del ICE, como Mobile Fortify y Clearview AI, sistemas de reconocimiento facial empleados para escanear a conductores, peatones e incluso menores de edad. Tambi\u00e9n se reporta el uso de bases de datos de Palantir para rastrear en tiempo real la ubicaci\u00f3n de manifestantes e inmigrantes. En medio de temperaturas extremas, el uso de pasamonta\u00f1as y m\u00e1scaras se ha vuelto una medida casi obligatoria en protestas y movilizaciones. En redes sociales y canales de Telegram circulan testimonios inquietantes de agentes que se dirigen a ciudadanos por su nombre, evidenciando el alcance de estas tecnolog\u00edas de vigilancia.<\/p>\n\n\n\n<p class=\"has-small-font-size\"><em><strong>Autora:<\/strong> Ma. Isabel Salazar Mu\u00f1oz \u2013 Practicante del Sistema Integrado de Medios (SIM).<\/em><\/p>\n\n\n\n<p><\/p>\n","protected":false},"excerpt":{"rendered":"<p>Habitantes denuncian pr\u00e1cticas intimidatorias y seguimiento digital.El uso de reconocimiento facial y detenciones fugaces genera ansiedad social. Fuente: El Mundo Madrid El clima social en Mine\u00e1polis se ha visto profundamente alterado por las acciones del Servicio de Inmigraci\u00f3n y Control de Aduanas (ICE). En los \u00faltimos d\u00edas, el temor se ha extendido entre la poblaci\u00f3n, [&hellip;]<\/p>\n","protected":false},"author":7,"featured_media":14832,"comment_status":"open","ping_status":"open","sticky":false,"template":"","format":"standard","meta":{"footnotes":""},"categories":[129,81],"tags":[342,343,337,341,340,339],"class_list":["post-14830","post","type-post","status-publish","format-standard","has-post-thumbnail","hentry","category-internacionales","category-noticias","tag-controlesmigratorios","tag-discriminacion","tag-donaldtrump-2","tag-estados-unidos","tag-ice","tag-mineapolis"],"_links":{"self":[{"href":"https:\/\/sim.unemi.edu.ec\/index.php\/wp-json\/wp\/v2\/posts\/14830","targetHints":{"allow":["GET"]}}],"collection":[{"href":"https:\/\/sim.unemi.edu.ec\/index.php\/wp-json\/wp\/v2\/posts"}],"about":[{"href":"https:\/\/sim.unemi.edu.ec\/index.php\/wp-json\/wp\/v2\/types\/post"}],"author":[{"embeddable":true,"href":"https:\/\/sim.unemi.edu.ec\/index.php\/wp-json\/wp\/v2\/users\/7"}],"replies":[{"embeddable":true,"href":"https:\/\/sim.unemi.edu.ec\/index.php\/wp-json\/wp\/v2\/comments?post=14830"}],"version-history":[{"count":1,"href":"https:\/\/sim.unemi.edu.ec\/index.php\/wp-json\/wp\/v2\/posts\/14830\/revisions"}],"predecessor-version":[{"id":14833,"href":"https:\/\/sim.unemi.edu.ec\/index.php\/wp-json\/wp\/v2\/posts\/14830\/revisions\/14833"}],"wp:featuredmedia":[{"embeddable":true,"href":"https:\/\/sim.unemi.edu.ec\/index.php\/wp-json\/wp\/v2\/media\/14832"}],"wp:attachment":[{"href":"https:\/\/sim.unemi.edu.ec\/index.php\/wp-json\/wp\/v2\/media?parent=14830"}],"wp:term":[{"taxonomy":"category","embeddable":true,"href":"https:\/\/sim.unemi.edu.ec\/index.php\/wp-json\/wp\/v2\/categories?post=14830"},{"taxonomy":"post_tag","embeddable":true,"href":"https:\/\/sim.unemi.edu.ec\/index.php\/wp-json\/wp\/v2\/tags?post=14830"}],"curies":[{"name":"wp","href":"https:\/\/api.w.org\/{rel}","templated":true}]}}